{"id":11063,"date":"2025-01-15T18:46:01","date_gmt":"2025-01-15T17:46:01","guid":{"rendered":"https:\/\/pasaenmendoza.com\/?p=11063"},"modified":"2025-01-15T18:46:02","modified_gmt":"2025-01-15T17:46:02","slug":"milonga-teatro-y-musica-para-grandes-y-chicos-donde-y-cuando-disfrutar-de-espectaculos-gratuitos","status":"publish","type":"post","link":"https:\/\/pasaenmendoza.com\/?p=11063","title":{"rendered":"Milonga, teatro y m\u00fasica para grandes y chicos: d\u00f3nde y cu\u00e1ndo disfrutar de espect\u00e1culos gratuitos"},"content":{"rendered":"\n<p>El Ciclo Pulgarcito Vivo, Cine en el Rosedal y Teatro a cielo abierto son algunas de las propuestas que se podr\u00e1n disfrutar estos d\u00edas estivales en el marco de \u201cFlor de Verano 2025\u201d, organizado por el Gobierno de Mendoza.<\/p>\n\n\n\n<p>La entrada para los espect\u00e1culos es gratuita y las propuestas de evento incluyen Vino Blues en la Plaza del Vino y el tradicional ciclo Jazz en el Lago. Tambi\u00e9n habr\u00e1 Talleres en la Biblioteca San Mart\u00edn y en el ECA Eliana Molinelli, entre otras actividades.<\/p>\n\n\n\n<h2 class=\"wp-block-heading\" id=\"h-programacion\">Programaci\u00f3n<\/h2>\n\n\n\n<p><strong>S\u00e1bado 18<\/strong><\/p>\n\n\n\n<p><strong>Hora:<\/strong>&nbsp;<strong>19<\/strong><br>-Parque de la Familia, Las Heras. Tatan Circus + Leandro G\u00f3mez<br>\u2013Plaza de los Ni\u00f1os, Luj\u00e1n de Cuyo. Circo Panchito<br>\u2013Teatro Pulgarcito, Parque General San Mart\u00edn. Ciclo Pulgarcito Vivo. Cajitas Lambe Lambe&nbsp;<em>(Gabriela clavo y canela; microcosmo<\/em>;&nbsp;<em>Flora<\/em>;&nbsp;<em>La dama mariposa; El alma en un hilo<\/em>) +&nbsp;<em>Amor indio<\/em>&nbsp;Burbujas + Lamoladora<br><strong>Hora: 20<\/strong><br>-Biblioteca P\u00fablica General San Mart\u00edn. Muestra Fotogr\u00e1fica:&nbsp;<em>Rostros, paisajes y acordes<\/em>,&nbsp;de&nbsp;<em>Juani<\/em>&nbsp;Aguilera<\/p>\n\n\n\n<p><strong>Domingo 19<\/strong>&nbsp;&nbsp;<\/p>\n\n\n\n<p><strong>Hora: 19<\/strong><br>-Museo Cornelio Moyano. Milonga Picnic. Musicaliza Estela Balbuena<br>-Plaza del Distrito 25 de Mayo, Santa Rosa. Flor de Verano<br>-Teatro Pulgarcito, Parque General San Mart\u00edn.&nbsp;<em>Ciclo Pulgarcito Vivo<\/em>.&nbsp; Cajitas Lambe Lambe (Certezas; Delia; Chinchufleta; Sist3ma; el alma en un hilo) +&nbsp;Una gallina despistada, Porot\u00edteres + Murga La Muy Guacha<br><strong>Hora: 20.30<\/strong><br>Espacio Cultural Julio Le Parc.&nbsp;Cultura M\u00e1gica. Mago Alejandro D\u00edaz + artistas invitados<\/p>\n\n\n\n<p><strong>Viernes 24 de enero<\/strong><\/p>\n\n\n\n<p>20 \u2013 Teatro Pulgarcito (Parque General San Mart\u00edn). Ciclo Pulgarcito Vivo. Noche de Teatro.&nbsp;<em>Gloria del Este,&nbsp;<\/em>con An\u00edbal Villa y Marcelo Lacerna<\/p>\n\n\n\n<p>20.30 \u2013 Espacio Cultural Julio Le Parc.&nbsp;Noche Country. Aconcagua Country Line Dance + West Point Country Dance + La Banda Viajera<\/p>\n\n\n\n<p>21.30 \u2013 Parque General San Mart\u00edn. Ciclo Cine en el Rosedal:&nbsp;<em>Pap\u00e1 al rescate. Si va uno, vamos todos<\/em>. Dir. Marcos Carnevale<\/p>\n\n\n\n<p><strong>S\u00e1bado 25 de enero<\/strong><\/p>\n\n\n\n<p>19 \u2013 Parque de la Familia, Las Heras. Circo de Getulio + Michael Gim\u00e9nez<\/p>\n\n\n\n<p>20 \u2013 Teatro Pulgarcito (Parque General San Mart\u00edn).&nbsp; Ciclo Pulgarcito Vivo. Noche de folclore. Ballet Luna Endiablada + Cuyo en guitarras + Las Navarro<\/p>\n\n\n\n<p>20.30 \u2013 Espacio Cultural Julio Le Parc. Gran Milonga en Vendimia. Clases con Susana Andrada. Musicalizan La Jodida, La Placita Vergara y Che Popeye. Coordinan Mendoza Tango Art Milonga. Bailarines Nadia Caparr\u00f3s y Federico Heredia.<\/p>\n\n\n\n<p>21 \u2013 Casa de la Cultura Juanita Vera, Lavalle. Cine:&nbsp;<em>Pap\u00e1 al rescate. Si va uno, vamos todos.&nbsp;<\/em>Dir. Marcos Carnevale<\/p>\n\n\n\n<p>21.30 \u2013 Parque General San Mart\u00edn. Ciclo Cine en el Rosedal: \u201cEmpieza el baile\u201d Dir. Marina Seresesky.<\/p>\n\n\n\n<p><strong>Domingo 26 de enero&nbsp;&nbsp;<\/strong><\/p>\n\n\n\n<p>20 \u2013 Teatro Pulgarcito (Parque General San Mart\u00edn). Ciclo Pulgarcito Vivo. Noche de folclore. Ballet Chakaymanta + La Trova Menduka + Joaqu\u00edn Aguilar<\/p>\n\n\n\n<p>20.30 \u2013 Espacio Cultural Julio Le Parc. Yasm\u00edn Gonz\u00e1lez + Laureano Busse y La Mansa Banda<\/p>\n\n\n\n<p>21 \u2013 Av. Alvear Oeste, General Alvear. Circo R\u00fastico + Marionetas Compa\u00f1\u00eda Grimorio<\/p>\n\n\n\n<p>21.30 &nbsp;\u2013 Parque General San Mart\u00edn. Ciclo Cine en el Rosedal:&nbsp;<em>Sim\u00f3n de la monta\u00f1a.&nbsp;<\/em>Dir. Federico Luis.<\/p>\n\n\n\n<p><strong>Martes 28 de enero<\/strong><\/p>\n\n\n\n<p>19 \u2013 Tupungato, Plaza Juegos Infantiles. Flor de Verano. Ofelia t\u00edteres con alma<\/p>\n\n\n\n<p><strong>Mi\u00e9rcoles 29 de enero&nbsp;<\/strong><\/p>\n\n\n\n<p>19H \u2013 Plaza San Mart\u00edn, La Consulta, San Carlos. Flor de Verano. Ofelia t\u00edteres con alma<\/p>\n\n\n\n<p>19H \u2013 Campo Los Andes, Tunuy\u00e1n. Flor de Verano. Ofelia t\u00edteres con alma<\/p>\n\n\n\n<p>19H \u2013 Biblioteca P\u00fablica General San Mart\u00edn. Festival de literatura fant\u00e1stica&nbsp;<em>Drag\u00f3n andino<\/em>&nbsp;(charlas, talleres, lecturas y feria)<\/p>\n\n\n\n<p>20.30H \u2013 Espacio Cultural Julio Le Parc. Teatro a Cielo Abierto:&nbsp;<em>San Giovese,&nbsp;<\/em>Teatro Las Sillas +&nbsp;<em>PAN<\/em>, La Rueda de los Deseos&nbsp;<\/p>\n\n\n\n<p><strong>Viernes 31 de enero&nbsp;&nbsp;&nbsp;&nbsp;<\/strong><\/p>\n\n\n\n<p>19H \u2013 Biblioteca P\u00fablica General San Mart\u00edn. Festival de literatura fant\u00e1stica&nbsp;<em>Drag\u00f3n andino<\/em>&nbsp;(charlas, talleres, lecturas y feria)<\/p>\n\n\n\n<p>20H \u2013 Teatro Pulgarcito (parque General San Mart\u00edn). Ciclo Pulgarcito Vivo. Noche de Teatro.&nbsp;<em>\u00c9xitos cotidianos<\/em>, Jessica Echegaray<\/p>\n\n\n\n<p>20.30H \u2013 Espacio Cultural Julio Le Parc. Filosof\u00eda y Birra: Charly Garc\u00eda con Jos\u00e9 Luis Trejo y Agust\u00edn Hern\u00e1ndez.<\/p>\n\n\n\n<p><strong>S\u00e1bado 1 de febrero&nbsp;&nbsp;&nbsp;&nbsp;<\/strong><\/p>\n\n\n\n<p>19.30H \u2013 Teatro Pulgarcito (Parque General San Mart\u00edn). Ciclo Pulgarcito vivo. Variet\u00e9 infantil. Mago Augusto&nbsp;<em>The Looper&nbsp;<\/em>+ Circo Cranck +&nbsp;<em>Periquita y sus amigos,<\/em>&nbsp;La Pericana.<\/p>\n\n\n\n<p>21.00H \u2013 Espacio Cultural Julio Le Parc. Le Parc \u2013 Social Salsero. Apertura Clases abiertas Silvana Cascardo + Dj Migue + Combo Timbero<\/p>\n\n\n\n<p><strong>Domingo 2 de febrero&nbsp;<\/strong><\/p>\n\n\n\n<p>19.30H \u2013 Teatro Pulgarcito (Parque General San Mart\u00edn). Ciclo Pulgarcito vivo. Variet\u00e9 infantil&nbsp;<em>Re re re;&nbsp;<\/em>T\u00edteres del Azulejo&nbsp; + Circo de Getulio + Circus Magenta<\/p>\n\n\n\n<p>20.30H \u2013 Espacio Cultural Julio Le Parc. Teatro a Cielo Abierto<\/p>\n\n\n\n<p><strong>Mi\u00e9rcoles 5 de febrero<\/strong><\/p>\n\n\n\n<p>Biblioteca P\u00fablica General San Mart\u00edn. Taller de encuadernaci\u00f3n y restauraci\u00f3n de libros con Guadalupe Castro<\/p>\n\n\n\n<p><strong>Jueves 6 de febrero<\/strong><\/p>\n\n\n\n<p>Biblioteca P\u00fablica General San Mart\u00edn. Taller de Literatura infantil\/juvenil con Gisela Lupia\u00f1ez<\/p>\n\n\n\n<p>ECA Eliana Molinelli. Talleres. \u201cPintando con los maestros, encuentros art\u00edsticos para ni\u00f1as y ni\u00f1os\u201d<\/p>\n\n\n\n<p>20.00 H \u2013 Espacio Cultural Julio Le Parc. Teatro a Cielo Abierto&nbsp;&nbsp;&nbsp;&nbsp; (Humor). Nochecitas de Cabaret \u2013 Adri\u00e1n Sorrentino<\/p>\n\n\n\n<p><strong>Viernes 7 de febrero&nbsp;&nbsp;&nbsp;&nbsp;&nbsp;&nbsp;&nbsp;&nbsp;&nbsp;&nbsp;&nbsp;&nbsp;&nbsp;<\/strong><\/p>\n\n\n\n<p>20.00H \u2013 Espacio Cultural Julio Le Parc. Flor de Verano. Filosof\u00eda y Birra: Carlos Gardel \u2013 Jos\u00e9 Luis Trejo + Agust\u00edn Hern\u00e1ndez + Jero Flores y Sebasti\u00e1n Kuselman + Micromilonga<\/p>\n\n\n\n<p>21.00 H \u2013 Teatro Pulgarcito (Parque General San Mart\u00edn). Ciclo Pulgarcito Vivo. Noche de Teatro.&nbsp;<em>La Sanata<\/em>, con Ernesto Su\u00e1rez y Marcelo Lacerna<\/p>\n\n\n\n<p><strong>S\u00e1bado 8 de febrero&nbsp;&nbsp;&nbsp;&nbsp;<\/strong><\/p>\n\n\n\n<p>20H \u2013 Teatro Pulgarcito. Ciclo Pulgarcito vivo. Noche Indie. Bruno Pinto + Floramo + N\u00e9ctar 02<\/p>\n\n\n\n<p>20H \u2013 Espacio Cultural Julio Le Parc. VermuSongs. Anal\u00eda Soul +&nbsp; Cafe Bomb\u00f3n + La Luc\u00eda Miremont.<\/p>\n\n\n\n<p><strong>Domingo 9 de febrero&nbsp;<\/strong><\/p>\n\n\n\n<p>20H \u2013 Teatro Pulgarcito. Ciclo Pulgarcito vivo. Noche Indie.&nbsp;Magnolia + 2 Jarillas in New York + Batos<\/p>\n\n\n\n<p>20H \u2013 Espacio Cultural Julio Le Parc. Teatro a Cielo Abierto. Radio Aventura<\/p>\n\n\n\n<p><strong>Mi\u00e9rcoles 12 de febrero&nbsp;&nbsp;&nbsp;&nbsp;&nbsp;&nbsp;&nbsp;&nbsp;&nbsp;&nbsp;&nbsp;&nbsp;&nbsp;&nbsp;&nbsp;&nbsp;&nbsp;<\/strong><\/p>\n\n\n\n<p>Biblioteca P\u00fablica General San Mart\u00edn. Taller de encuadernaci\u00f3n y restauraci\u00f3n de libros con Guadalupe Castro<\/p>\n\n\n\n<p>20H \u2013 Parque Nativo, Lavalle. Flor de verano. Bom Borom Bombom<\/p>\n\n\n\n<p><strong>Jueves 13 de febrero&nbsp;&nbsp;&nbsp;&nbsp;&nbsp;&nbsp;&nbsp;&nbsp;&nbsp;&nbsp;&nbsp;&nbsp;<\/strong><\/p>\n\n\n\n<p>Biblioteca P\u00fablica General San Mart\u00edn. Taller de Literatura infantil\/juvenil con Gisela Lupia\u00f1ez<\/p>\n\n\n\n<p>ECA Eliana Molinelli. Talleres. \u201cPintando con los maestros, encuentros art\u00edsticos para ni\u00f1as y ni\u00f1os\u201d<\/p>\n\n\n\n<p>20H \u2013 Espacio Cultural Julio Le Parc. Teatro a Cielo Abierto \u2013 Humor. Circo R\u00fastico +&nbsp;<em>Era el plan<\/em>, V\u00edctor Di Nasso y Jessica Echegaray<\/p>\n\n\n\n<p><strong>Viernes 14 de febrero&nbsp;&nbsp;&nbsp;&nbsp;&nbsp;&nbsp;&nbsp;&nbsp;&nbsp;&nbsp;&nbsp;<\/strong><\/p>\n\n\n\n<p>20H \u2013 Espacio Cultural Julio Le Parc. Teatro a Cielo Abierto. Humor. Stand Up Parejas Especial D\u00eda de los Enamorados.<\/p>\n\n\n\n<p>21H \u2013 Teatro Pulgarcito. Ciclo Pulgarcito Vivo. Noche de Teatro.&nbsp;<em>Amor a primera risa,<\/em>&nbsp;Pela Agnelo y Leti Gili<\/p>\n\n\n\n<p><strong>S\u00e1bado 15 de febrero&nbsp;&nbsp;&nbsp;&nbsp;&nbsp;&nbsp;&nbsp;&nbsp;&nbsp;&nbsp;&nbsp;<\/strong><\/p>\n\n\n\n<p>19H Plaza de las Artes y Flores, Guaymall\u00e9n. Pe\u00f1a. Conexi\u00f3n + D\u00fao Anal\u00eda Elena &amp; Marcelo M\u00e9ndez<\/p>\n\n\n\n<p>20H \u2013 Teatro Pulgarcito. Ciclo Pulgarcito vivo. Venus Miente + El \u00c1lamo + Brassas<\/p>\n\n\n\n<p>21.30H \u2013 Plaza del Vino.&nbsp;Vino Blues. Ceci Salina &amp; Quique Nomberto + Nahuel Rocker &amp; Hard blues band<\/p>\n\n\n\n<p><strong>Domingo 16 de febrero&nbsp;&nbsp;&nbsp;&nbsp;&nbsp;&nbsp;&nbsp;&nbsp;&nbsp;&nbsp;&nbsp;&nbsp;&nbsp;&nbsp;&nbsp;&nbsp;&nbsp;&nbsp;<\/strong><\/p>\n\n\n\n<p>19H&nbsp; \u2013 Plaza de las Artes y Flores, Guaymall\u00e9n. Pe\u00f1a.&nbsp; Conexi\u00f3n + Leo Rivero + Gabriela Narv\u00e1ez<\/p>\n\n\n\n<p>20H \u2013 Teatro Pulgarcito. Ciclo Pulgarcito vivo. Ini Ceverino + Lucho Aberastain + Uruguayeses.<\/p>\n\n\n\n<p>21H \u2013 Espacio Cultural Julio Le Parc. Teatro a Cielo Abierto. Humor. &nbsp;&nbsp;&nbsp;&nbsp;&nbsp;&nbsp;&nbsp;<\/p>\n\n\n\n<p>21.30H \u2013 Plaza del Vino. Vino Blues.&nbsp;Nico Cabrera &amp; The Blues Family + D\u00f3lar Blue.<\/p>\n\n\n\n<p><strong>Mi\u00e9rcoles 19 de febrero<\/strong><\/p>\n\n\n\n<p>Biblioteca P\u00fablica General San Mart\u00edn. Taller de encuadernaci\u00f3n y restauraci\u00f3n de libros, con Guadalupe Castro.<\/p>\n\n\n\n<p>20H \u2013 Plaza Manuel Belgrano, La Colonia, Jun\u00edn. Flor de Verano. Lolot + Solista Leandro G\u00f3mez<\/p>\n\n\n\n<p><strong>Jueves 20 de febrero<\/strong><\/p>\n\n\n\n<p>Biblioteca P\u00fablica General San Mart\u00edn. Taller de Literatura infantil\/juvenil con Gisela Lupia\u00f1ez<\/p>\n\n\n\n<p>ECA Eliana Molinelli. Talleres. \u201cPintando con los maestros, encuentros art\u00edsticos para ni\u00f1as y ni\u00f1os\u201d<\/p>\n\n\n\n<p>20H \u2013 Santa Rosa. Teatro infinito. Cultura infinita<\/p>\n\n\n\n<p>20H \u2013 Teatro Pulgarcito. Ciclo Pulgarcito Vivo. Clara Cantore<\/p>\n\n\n\n<p>21H \u2013 Espacio Cultural Julio Le Parc. Teatro a Cielo Abierto.&nbsp;<em>La ni\u00f1a del cerro<\/em>, Guillermo Troncoso + \u201cNegociemos\u201d Graciela Lopresti y Daniel Encinas<\/p>\n\n\n\n<p><strong>Viernes 21 de febrero&nbsp;<\/strong><\/p>\n\n\n\n<p>19H \u2013 La Paz. Flor de verano. Cultura infinita<\/p>\n\n\n\n<p>20.30H \u2013 Parque General San Mart\u00edn. Jazz en el Lago del Parque.<\/p>\n\n\n\n<p>21H \u2013 Teatro Pulgarcito. Ciclo Pulgarcito Vivo. Noche de Teatro.&nbsp;<em>Hola\u2026 estoy bien,<\/em>&nbsp;Daniel Quiroga<\/p>\n\n\n\n<p><strong>S\u00e1bado 22 de febrero&nbsp;&nbsp;&nbsp;&nbsp;&nbsp;&nbsp;&nbsp;&nbsp;&nbsp;&nbsp;&nbsp;<\/strong><\/p>\n\n\n\n<p>19H \u2013 Teatro Pulgarcito. Ciclo Pulgarcito vivo. Cajitas Lambe Lambe (De mitos y sue\u00f1os; Porot\u00edteres; Los t\u00edteres de pepino; Certezas; Chinchufleta)&nbsp;<em>La ni\u00f1a del cerro,<\/em>&nbsp;Guillermo Troncoso +&nbsp;<em>Desconcierto<\/em>, C\u00eda. Doblet\u00e9s<\/p>\n\n\n\n<p>20H \u2013 Espacio Cultural Julio Le Parc. Teatro a Cielo Abierto .<\/p>\n\n\n\n<p>20.30H \u2013 Parque General San Mart\u00edn. Jazz en el lago del Parque<\/p>\n\n\n\n<p><strong>Domingo 23 de febrero&nbsp;&nbsp;&nbsp;&nbsp;&nbsp;&nbsp;&nbsp;&nbsp;&nbsp;&nbsp;&nbsp;&nbsp;&nbsp;&nbsp;&nbsp;&nbsp;&nbsp;&nbsp;<\/strong><\/p>\n\n\n\n<p>20H \u2013 Espacio Cultural Julio Le Parc. Teatro A cielo abierto.<\/p>\n\n\n\n<p>19H \u2013 Teatro Pulgarcito. Ciclo Pulgarcito vivo. Cajita Lambe Lambe (Agua; Delia; Enclenque t\u00edteres) Circo Mosqueta<\/p>\n\n\n\n<p>20.30H \u2013 Parque General San Mart\u00edn. Jazz en el Lago del Parque.\u00a0 \u00a0<\/p>\n\n\n\n<p><strong>Fuente: www.elsol.com.ar<\/strong><\/p>\n","protected":false},"excerpt":{"rendered":"<p>El Ciclo Pulgarcito Vivo, Cine en el Rosedal y Teatro a cielo abierto son algunas de las propuestas que se podr\u00e1n disfrutar estos d\u00edas estivales en el marco de \u201cFlor de Verano 2025\u201d, organizado por el Gobierno de Mendoza. La entrada para los espect\u00e1culos es gratuita y las propuestas de evento incluyen Vino Blues en [&hellip;]<\/p>\n","protected":false},"author":2,"featured_media":11064,"comment_status":"open","ping_status":"open","sticky":false,"template":"","format":"standard","meta":[],"categories":[50],"tags":[],"_links":{"self":[{"href":"https:\/\/pasaenmendoza.com\/index.php?rest_route=\/wp\/v2\/posts\/11063"}],"collection":[{"href":"https:\/\/pasaenmendoza.com\/index.php?rest_route=\/wp\/v2\/posts"}],"about":[{"href":"https:\/\/pasaenmendoza.com\/index.php?rest_route=\/wp\/v2\/types\/post"}],"author":[{"embeddable":true,"href":"https:\/\/pasaenmendoza.com\/index.php?rest_route=\/wp\/v2\/users\/2"}],"replies":[{"embeddable":true,"href":"https:\/\/pasaenmendoza.com\/index.php?rest_route=%2Fwp%2Fv2%2Fcomments&post=11063"}],"version-history":[{"count":1,"href":"https:\/\/pasaenmendoza.com\/index.php?rest_route=\/wp\/v2\/posts\/11063\/revisions"}],"predecessor-version":[{"id":11065,"href":"https:\/\/pasaenmendoza.com\/index.php?rest_route=\/wp\/v2\/posts\/11063\/revisions\/11065"}],"wp:featuredmedia":[{"embeddable":true,"href":"https:\/\/pasaenmendoza.com\/index.php?rest_route=\/wp\/v2\/media\/11064"}],"wp:attachment":[{"href":"https:\/\/pasaenmendoza.com\/index.php?rest_route=%2Fwp%2Fv2%2Fmedia&parent=11063"}],"wp:term":[{"taxonomy":"category","embeddable":true,"href":"https:\/\/pasaenmendoza.com\/index.php?rest_route=%2Fwp%2Fv2%2Fcategories&post=11063"},{"taxonomy":"post_tag","embeddable":true,"href":"https:\/\/pasaenmendoza.com\/index.php?rest_route=%2Fwp%2Fv2%2Ftags&post=11063"}],"curies":[{"name":"wp","href":"https:\/\/api.w.org\/{rel}","templated":true}]}}