{"id":11066,"date":"2025-01-15T18:52:54","date_gmt":"2025-01-15T17:52:54","guid":{"rendered":"https:\/\/pasaenmendoza.com\/?p=11066"},"modified":"2025-01-15T18:52:55","modified_gmt":"2025-01-15T17:52:55","slug":"el-trabajo-detras-del-vestuario-de-la-vendimia-9-500-prendas-confeccionadas-por-50-costureras","status":"publish","type":"post","link":"https:\/\/pasaenmendoza.com\/?p=11066","title":{"rendered":"El trabajo detr\u00e1s del vestuario de la Vendimia: 9.500 prendas confeccionadas por 50 costureras"},"content":{"rendered":"\n<p>Los preparativos para la&nbsp;<strong>Fiesta Nacional de la Vendimia 2025<\/strong>&nbsp;ya comenzaron a avanzar.&nbsp;<strong>\u201cGuardiana del vino eterno\u201d<\/strong>&nbsp;se realizar\u00e1 el 8 y 9 de marzo, en el Teatro Griego Frank Romero Day, y contar\u00e1 con la direcci\u00f3n de Franco Ag\u00fcero y cerca de mil artistas en escena, los responsables de dar vida a esta tradicional celebraci\u00f3n.<\/p>\n\n\n\n<p>Mientras los bailarines seleccionados se preparan para comenzar a dar forma a la fiesta m\u00e1xima,&nbsp;<strong>un grupo de 50 mujeres y algunos varones, trabaja para la confecci\u00f3n del vestuario.<\/strong><\/p>\n\n\n\n<p>Una vez m\u00e1s, el responsable del \u00e1rea de vestuario ser\u00e1\u00a0<strong>Adri\u00e1n Di Carlo<\/strong>, quien tambi\u00e9n lo hizo en el 2023, y de acuerdo con lo expresado por el profesional, este a\u00f1o se\u00a0<strong>confeccionar\u00e1n 9.500 prendas. De ese total, unas 2.850 ser\u00e1n todas nuevas<\/strong>\u00a0y el resto, recicladas.<\/p>\n\n\n\n<p>\u201cEste a\u00f1o se ha determinado, por una cuesti\u00f3n de abaratar gastos, que el 80% de las vestimentas fueran parte del patrimonio vendimial, es decir, prendas que se utilizaron en la edici\u00f3n anterior, mientras que el 20% restante ser\u00e1 nuevo\u201d, expres\u00f3 Di Carlo.\u00a0<\/p>\n\n\n\n<p>Respecto a los colores que predominar\u00e1n en el escenario, Di Carlo asegur\u00f3 que hay mucho colorido, pero tambi\u00e9n mucho cl\u00e1sico. Esto se da sobre todo porque el director, Franco Ag\u00fcero, es un artista muy tradicional que siempre apuesta por lo sobrio.<\/p>\n\n\n\n<p>Asimismo, destac\u00f3 que la gente este a\u00f1o se sorprender\u00e1 por un efecto visual que se observar\u00e1 en los trajes, para lo que est\u00e1n trabajando much\u00edsimo.<\/p>\n\n\n\n<h2 class=\"wp-block-heading\" id=\"h-la-vendimia-como-terapia\">La Vendimia, como terapia<\/h2>\n\n\n\n<p><strong>Silvia Lobos&nbsp;<\/strong>es una de las tantas mujeres que este a\u00f1o tendr\u00e1 la responsabilidad de que los trajes luzcan impecables. Este 2025 cumple 32 a\u00f1os trabajando en&nbsp;<strong>Vendimia&nbsp;<\/strong>y, una vez m\u00e1s, se desempe\u00f1a en el \u00e1rea de planchado. Este es uno de los trabajos de los m\u00e1s sacrificadas, sobre todo, por el calor agobiante que se registra en Mendoza, con temperaturas por encima de los 36 grados.<\/p>\n\n\n\n<p>Mientras hace una pausa en su trabajo, Silvia cuenta que este a\u00f1o es muy especial, ya que tal vez sea el \u00faltimo que trabaje en Vendimia y eso le genera mucha nostalgia y agradecimiento, porque&nbsp;<strong>gracias a este trabajo pudo afrontar el dolor de perder a un hijo.<\/strong><\/p>\n\n\n\n<p>La vida de Silvia no ha sido f\u00e1cil, siempre ha luchado para mantener a sus hijos y hace un a\u00f1o y medio, cuando uno de ellos muri\u00f3, su vida se desmoron\u00f3.<\/p>\n\n\n\n<p>\u201c<em><strong>No se puede explicar el dolor que se siente<\/strong><\/em>. Sin embargo, s\u00ed puedo decir que pese a que mi otro hijo no quer\u00eda que yo trabajara ac\u00e1, la psic\u00f3loga me lo recomend\u00f3 y no se equivoc\u00f3. En este espacio encontr\u00e9 una manera de salir adelante, la Vendimia ha sido mi terapia\u201d, explic\u00f3.<\/p>\n\n\n\n<p>Todos los d\u00edas, Silvia junto a sus compa\u00f1eras ingresan a las 8 y terminan la jornada a las 15. Al terminar, adem\u00e1s de descansar en su hogar, la mujer tambi\u00e9n trabaja en diferentes casas de familia.<\/p>\n\n\n\n<p>\u201c<em><strong>Cuando no estoy con este trabajo, me desempe\u00f1o como cocinera en siete casas. Adem\u00e1s, realizo algunos planchados, pero s\u00f3lo de camisas, nada m\u00e1s<\/strong><\/em>\u201c, cont\u00f3 Silvia y agreg\u00f3 que \u201cen una de las casas trabaja hace 22 a\u00f1os\u201d.<\/p>\n\n\n\n<p>\u201cAntes lo hac\u00eda en paralelo con&nbsp;<strong>Vendimia<\/strong>, pero este a\u00f1o decid\u00ed bajar un cambio porque ya no estoy para esos trotes. El cuerpo tambi\u00e9n me pide un descanso\u201d, cont\u00f3.<\/p>\n\n\n\n<p>Sobre su amor por&nbsp;<strong>Vendimia<\/strong>, expres\u00f3 que siempre lo sinti\u00f3. \u201cEs algo heredado de la familia, de hecho, ahora estoy incentivando a mi nieta para que baile, as\u00ed el d\u00eda de ma\u00f1ana puede lucirse en el<strong>&nbsp;Frank Romero Day<\/strong>\u201c, cont\u00f3.<\/p>\n\n\n\n<h2 class=\"wp-block-heading\" id=\"h-debut-en-vendimia\">Debut en Vendimia<\/h2>\n\n\n\n<p>As\u00ed como Silvia lleva 32 a\u00f1os al servicio de la Fiesta Nacional de la Vendimia,&nbsp;<strong>Alison experimenta este a\u00f1o su \u201cprimera vez\u201d en la celebraci\u00f3n m\u00e1xima de los mendocinos.<\/strong><\/p>\n\n\n\n<p>La joven\u00a0<strong>tiene 19 a\u00f1os, es estudiante de Dise\u00f1o Escenogr\u00e1fico<\/strong>\u00a0y vio la oportunidad de trabajar en Vendimia no s\u00f3lo por lo econ\u00f3mico, sino por la experiencia que este desaf\u00edo le deja a su vida profesional.<\/p>\n\n\n\n<p>Alison junto a seis compa\u00f1eros tienen la responsabilidad de realizar el vestuario especial. \u201cSe trata de los accesorios y todo lo que acompa\u00f1a a los artistas. No tenemos un gui\u00f3n especial, sino que confeccionamos los dise\u00f1os de acuerdo con lo que nos van solicitando\u201d, cont\u00f3.<\/p>\n\n\n\n<p><strong>Fuente: www.elsol.com.ar<\/strong><\/p>\n","protected":false},"excerpt":{"rendered":"<p>Los preparativos para la&nbsp;Fiesta Nacional de la Vendimia 2025&nbsp;ya comenzaron a avanzar.&nbsp;\u201cGuardiana del vino eterno\u201d&nbsp;se realizar\u00e1 el 8 y 9 de marzo, en el Teatro Griego Frank Romero Day, y contar\u00e1 con la direcci\u00f3n de Franco Ag\u00fcero y cerca de mil artistas en escena, los responsables de dar vida a esta tradicional celebraci\u00f3n. Mientras los [&hellip;]<\/p>\n","protected":false},"author":2,"featured_media":11067,"comment_status":"open","ping_status":"open","sticky":false,"template":"","format":"standard","meta":[],"categories":[74],"tags":[],"_links":{"self":[{"href":"https:\/\/pasaenmendoza.com\/index.php?rest_route=\/wp\/v2\/posts\/11066"}],"collection":[{"href":"https:\/\/pasaenmendoza.com\/index.php?rest_route=\/wp\/v2\/posts"}],"about":[{"href":"https:\/\/pasaenmendoza.com\/index.php?rest_route=\/wp\/v2\/types\/post"}],"author":[{"embeddable":true,"href":"https:\/\/pasaenmendoza.com\/index.php?rest_route=\/wp\/v2\/users\/2"}],"replies":[{"embeddable":true,"href":"https:\/\/pasaenmendoza.com\/index.php?rest_route=%2Fwp%2Fv2%2Fcomments&post=11066"}],"version-history":[{"count":1,"href":"https:\/\/pasaenmendoza.com\/index.php?rest_route=\/wp\/v2\/posts\/11066\/revisions"}],"predecessor-version":[{"id":11068,"href":"https:\/\/pasaenmendoza.com\/index.php?rest_route=\/wp\/v2\/posts\/11066\/revisions\/11068"}],"wp:featuredmedia":[{"embeddable":true,"href":"https:\/\/pasaenmendoza.com\/index.php?rest_route=\/wp\/v2\/media\/11067"}],"wp:attachment":[{"href":"https:\/\/pasaenmendoza.com\/index.php?rest_route=%2Fwp%2Fv2%2Fmedia&parent=11066"}],"wp:term":[{"taxonomy":"category","embeddable":true,"href":"https:\/\/pasaenmendoza.com\/index.php?rest_route=%2Fwp%2Fv2%2Fcategories&post=11066"},{"taxonomy":"post_tag","embeddable":true,"href":"https:\/\/pasaenmendoza.com\/index.php?rest_route=%2Fwp%2Fv2%2Ftags&post=11066"}],"curies":[{"name":"wp","href":"https:\/\/api.w.org\/{rel}","templated":true}]}}