{"id":11069,"date":"2025-01-15T19:23:36","date_gmt":"2025-01-15T18:23:36","guid":{"rendered":"https:\/\/pasaenmendoza.com\/?p=11069"},"modified":"2025-01-15T19:23:37","modified_gmt":"2025-01-15T18:23:37","slug":"llega-el-jefe-karina-milei-viajara-a-mendoza-para-fortalecer-el-armado-de-la-libertad-avanza","status":"publish","type":"post","link":"https:\/\/pasaenmendoza.com\/?p=11069","title":{"rendered":"Llega \u201cel Jefe\u201d: Karina Milei viajar\u00e1 a Mendoza para fortalecer el armado de La Libertad Avanza"},"content":{"rendered":"\n<p>La secretaria General de la Presidencia,&nbsp;<strong>Karina Milei<\/strong>, arribar\u00e1 a Mendoza en febrero junto al presidente de la C\u00e1mara de Diputados,&nbsp;<strong>Mart\u00edn Menem<\/strong>. La visita de los dirigentes libertarios tiene fines estrictamente partidarios, ya que forma parte de la gira nacional que est\u00e1n llevando a cabo para reunir a la militancia de&nbsp;<strong>La Libertad Avanza<\/strong>&nbsp;(LLA).<\/p>\n\n\n\n<p><strong>La hermana del presidente Javier Milei<\/strong>, quien adem\u00e1s preside LLA a nivel nacional, estar\u00e1 acompa\u00f1ada por Menem, vicepresidente del partido. Sin embargo,\u00a0<strong>a\u00fan no hay una fecha ni sede confirmadas para el encuentro<\/strong>, dado que su presencia depender\u00e1 del desarrollo de\u00a0las sesiones extraordinarias en el Congreso de la Naci\u00f3n.<\/p>\n\n\n\n<p>En principio, el objetivo es que tanto \u201cel Jefe\u201d, como llama el mandatario nacional a su hermana, encabece un acto partidario con militantes mendocinos de LLA. En la provincia, el presidente del partido es&nbsp;<strong>Facundo Correa Llano<\/strong>, quien ser\u00e1 el encargado de coordinar la organizaci\u00f3n del evento.<\/p>\n\n\n\n<p>Desde el entorno del diputado nacional se inform\u00f3 que el motivo de la visita de la hermana del presidente es saldar \u201c<em>una deuda con la provincia<\/em>\u201c, ya que a finales del a\u00f1o pasado posterg\u00f3 su viaje a Mendoza por cuestiones de agenda.<\/p>\n\n\n\n<p>\u201c<em>La idea es hacer un acto igual para la militancia como se viene haciendo en el resto de las Provincias. Mendoza est\u00e1 dentro de su agenda y tiene ganas de estar en la Provincia<\/em>\u201d, aseguraron desde LLA local.<\/p>\n\n\n\n<p>Karina Milei y Mart\u00edn Menem vienen de estar en Mar del Plata donde dieron inicio a la campa\u00f1a electoral de este a\u00f1o. La pr\u00f3xima parada de las m\u00e1ximas autoridades partidarias de LLA ser\u00e1 el reconocido festival de&nbsp;<strong>Jes\u00fas Mar\u00eda en C\u00f3rdoba<\/strong>. All\u00ed tambi\u00e9n se reunir\u00e1n con la militancia libertaria. Luego seguir\u00e1n con su agenda en&nbsp;<strong>Tierra del Fuego<\/strong>.<\/p>\n\n\n\n<p>\u201c<em>Estamos viendo c\u00f3mo La Libertad Avanza sigue creciendo. Nuestro mayor logro es haber hecho lo que dijimos que \u00edbamos a hacer. Eso ha generado confianza en millones de argentinos que se dan cuenta de que el pa\u00eds mejora cuando hacemos lo que debemos hacer<\/em>\u201c, enfatiz\u00f3 Milei en su presentaci\u00f3n en Mar del Plata.<\/p>\n\n\n\n<p>A principios de septiembre, el presidente<strong>\u00a0Javier Milei\u00a0<\/strong>visit\u00f3 Mendoza para participar del cierre de la convenci\u00f3n\u00a0del\u00a0<strong>Instituto Argentino Ejecutivo de Finanzas (IAEF)<\/strong>. Esta fue la \u00fanica ocasi\u00f3n en que el jefe de Estado estuvo en la provincia.<\/p>\n\n\n\n<p><strong>Fuente: www.elsol.com.ar<\/strong><\/p>\n","protected":false},"excerpt":{"rendered":"<p>La secretaria General de la Presidencia,&nbsp;Karina Milei, arribar\u00e1 a Mendoza en febrero junto al presidente de la C\u00e1mara de Diputados,&nbsp;Mart\u00edn Menem. La visita de los dirigentes libertarios tiene fines estrictamente partidarios, ya que forma parte de la gira nacional que est\u00e1n llevando a cabo para reunir a la militancia de&nbsp;La Libertad Avanza&nbsp;(LLA). La hermana del [&hellip;]<\/p>\n","protected":false},"author":2,"featured_media":11070,"comment_status":"open","ping_status":"open","sticky":false,"template":"","format":"standard","meta":[],"categories":[47],"tags":[],"_links":{"self":[{"href":"https:\/\/pasaenmendoza.com\/index.php?rest_route=\/wp\/v2\/posts\/11069"}],"collection":[{"href":"https:\/\/pasaenmendoza.com\/index.php?rest_route=\/wp\/v2\/posts"}],"about":[{"href":"https:\/\/pasaenmendoza.com\/index.php?rest_route=\/wp\/v2\/types\/post"}],"author":[{"embeddable":true,"href":"https:\/\/pasaenmendoza.com\/index.php?rest_route=\/wp\/v2\/users\/2"}],"replies":[{"embeddable":true,"href":"https:\/\/pasaenmendoza.com\/index.php?rest_route=%2Fwp%2Fv2%2Fcomments&post=11069"}],"version-history":[{"count":1,"href":"https:\/\/pasaenmendoza.com\/index.php?rest_route=\/wp\/v2\/posts\/11069\/revisions"}],"predecessor-version":[{"id":11071,"href":"https:\/\/pasaenmendoza.com\/index.php?rest_route=\/wp\/v2\/posts\/11069\/revisions\/11071"}],"wp:featuredmedia":[{"embeddable":true,"href":"https:\/\/pasaenmendoza.com\/index.php?rest_route=\/wp\/v2\/media\/11070"}],"wp:attachment":[{"href":"https:\/\/pasaenmendoza.com\/index.php?rest_route=%2Fwp%2Fv2%2Fmedia&parent=11069"}],"wp:term":[{"taxonomy":"category","embeddable":true,"href":"https:\/\/pasaenmendoza.com\/index.php?rest_route=%2Fwp%2Fv2%2Fcategories&post=11069"},{"taxonomy":"post_tag","embeddable":true,"href":"https:\/\/pasaenmendoza.com\/index.php?rest_route=%2Fwp%2Fv2%2Ftags&post=11069"}],"curies":[{"name":"wp","href":"https:\/\/api.w.org\/{rel}","templated":true}]}}