{"id":11072,"date":"2025-01-15T19:33:52","date_gmt":"2025-01-15T18:33:52","guid":{"rendered":"https:\/\/pasaenmendoza.com\/?p=11072"},"modified":"2025-01-15T19:33:52","modified_gmt":"2025-01-15T18:33:52","slug":"un-salto-de-calidad-los-medicos-mendocinos-celebraron-la-validacion-de-sus-titulos-a-nivel-internacional","status":"publish","type":"post","link":"https:\/\/pasaenmendoza.com\/?p=11072","title":{"rendered":"\u201cUn salto de calidad\u201d: los m\u00e9dicos mendocinos celebraron la validaci\u00f3n de sus t\u00edtulos a nivel internacional"},"content":{"rendered":"\n<p>La reciente\u00a0<strong>certificaci\u00f3n internacional de los t\u00edtulos universitarios<\/strong>\u00a0otorgados por instituciones argentinas acreditadas por la Comisi\u00f3n Nacional de Evaluaci\u00f3n y Acreditaci\u00f3n Universitaria (CONEAU) ha generado\u00a0<strong>gran expectativa entre los m\u00e9dicos mendocinos.<\/strong><\/p>\n\n\n\n<p>Y es que&nbsp;<strong>esta validaci\u00f3n a nivel mundial abre un abanico de oportunidades para los profesionales de la salud de Mendoza<\/strong>, quienes podr\u00e1n ejercer su profesi\u00f3n en cualquier rinc\u00f3n sin necesidad de realizar tr\u00e1mites adicionales y potenciando as\u00ed el prestigio de la medicina argentina.<\/p>\n\n\n\n<p><strong>El nuevo estatus de reconocimiento ser\u00e1 v\u00e1lido hasta el 31 de enero de 2035<\/strong>\u00a0y estar\u00e1 sujeto a un monitoreo anual para asegurar el cumplimiento continuo de los criterios establecidos. Hasta el momento, los \u00fanicos antecedentes en la regi\u00f3n corresponden a Colombia y Chile.<\/p>\n\n\n\n<h2 class=\"wp-block-heading\" id=\"h-la-repercusion-en-mendoza\">La repercusi\u00f3n en Mendoza<\/h2>\n\n\n\n<p>La CONEAU obtuvo el reconocimiento internacional de la Federaci\u00f3n Mundial de Educaci\u00f3n M\u00e9dica (WFME) tras completar su proceso de evaluaci\u00f3n con esa agencia acreditadora de programas de medicina. De esta forma,<strong>&nbsp;el organismo argentino se suma al mapa internacional de agencias con Estatus de Reconocimiento WFME<\/strong>.<\/p>\n\n\n\n<p>Si bien la noticia fue muy bien recibida por los m\u00e9dicos mendocinos, ya que ven este avance como un hito para la carrera m\u00e9dica, tambi\u00e9n existen las dudas sobre el alcance y la preocupaci\u00f3n sobre un posible \u00e9xodo masivo de profesionales al exterior.<\/p>\n\n\n\n<p>En Mendoza, uno de los primeros en alzar la voz sobre la normativa dispuesta por el Gobierno nacional fue&nbsp;<strong>Lodovico Palma<\/strong>, titular del C\u00edrculo M\u00e9dico de Mendoza (CMM) y Secretario de asuntos universitarios de COMRA (Confederaci\u00f3n M\u00e9dica de la Rep\u00fablica Argentina).<\/p>\n\n\n\n<p>\u201cEste hito representa un avance significativo en la validaci\u00f3n de los est\u00e1ndares de calidad de la educaci\u00f3n m\u00e9dica en la Argentina, aline\u00e1ndolos con los par\u00e1metros internacionales m\u00e1s exigentes. No s\u00f3lo refuerza la confianza en la formaci\u00f3n de los futuros profesionales de la salud en nuestro pa\u00eds, sino que tambi\u00e9n favorece la inserci\u00f3n de nuestros egresados en \u00e1mbitos de pr\u00e1ctica global\u201d, indic\u00f3 el profesional.<\/p>\n\n\n\n<p>Asimismo, Palma indic\u00f3 que esta normativa \u201casegura que las instituciones educativas argentinas est\u00e1n cumpliendo con los requisitos fundamentales para garantizar competencias cient\u00edficas, \u00e9ticas y human\u00edsticas en el ejercicio de la medicina, como se promueve en nuestra normativa deontol\u00f3gica\u201d.<\/p>\n\n\n\n<p>En cuanto al impacto que este logro tiene para Mendoza, el titular del C\u00edrculo M\u00e9dico manifest\u00f3: \u201cPosee una relevancia especial.&nbsp;<strong>Contar con profesionales formados bajo est\u00e1ndares internacionales refuerza la calidad del sistema<\/strong>&nbsp;sanitario provincial y beneficia directamente a nuestra comunidad. Como entidad comprometida con la excelencia y la \u00e9tica profesional, el organismo reafirma su compromiso con la formaci\u00f3n m\u00e9dica continua, colaborando activamente con instituciones educativas y de acreditaci\u00f3n\u201d.<\/p>\n\n\n\n<p>Finalmente, Lodovico expres\u00f3 que este reconocimiento es una oportunidad para seguir mejorando y trabajando en conjunto con todos los actores del sistema de salud, para asegurar un ejercicio profesional de calidad, en beneficio de la poblaci\u00f3n de Mendoza y Argentina.<\/p>\n\n\n\n<p>Por su parte, el cardi\u00f3logo&nbsp;<strong>Miguel Larribau<\/strong>&nbsp;coment\u00f3 que es una noticia para celebrar por partida doble. Por un lado, porque se reconoce la calidad universitaria del pa\u00eds y, por otro lado, es una buena alternativa para aquellos m\u00e9dicos que deseaban expandir sus conocimientos en el exterior y no pod\u00edan por determinadas trabas y permisos.<\/p>\n\n\n\n<p>\u201cEl ejercicio en el exterior no implica necesariamente una migraci\u00f3n definitiva, que por supuesto puede ocurrir, sino que brinda una posibilidad muy interesante para aquellos profesionales que quieran especializarse fuera del pa\u00eds para luego retornar a la Argentina\u201d, refiri\u00f3 el profesional.<\/p>\n\n\n\n<p>Los pediatras consultados por este medio tambi\u00e9n se mostraron a favor de la medida. Sobre todo, teniendo en cuenta que muchos de ellos esperaban la oportunidad para emigrar lo antes posible de la provincia, en busca de mejores salarios.<\/p>\n\n\n\n<p>\u201cNo hemos podido leer bien la letra chica, pero es una excelente noticia, sobre todo, para los que tenemos ganas de emigrar al exterior ya sea para trabajar o especializarnos. Esto facilita un poco los tr\u00e1mites burocr\u00e1ticos existentes hasta la fecha\u201d, manifestaron.<\/p>\n\n\n\n<h2 class=\"wp-block-heading\" id=\"h-hay-festejo-pero-tambien-dudas\">Hay festejo, pero tambi\u00e9n dudas<\/h2>\n\n\n\n<p>Si bien la mayor\u00eda de los trabajadores del sector se mostraron conformes con la iniciativa receptada en el Ministerio de Capital Humano por la Subsecretar\u00eda de Pol\u00edticas Universitarias de la Secretar\u00eda de Educaci\u00f3n, algunos expresaron tener m\u00e1s dudas que certezas.<\/p>\n\n\n\n<p>\u201cSi bien hay muchas expectativas, tambi\u00e9n es necesario aclarar que el comunicado publicado es muy ambiguo. No especifica qu\u00e9 pasa si cruzo hoy con mi diploma a Chile, por ejemplo. Qu\u00e9 alcance tiene, desde cu\u00e1ndo se pondr\u00e1 en vigencia, qu\u00e9 beneficios generar\u00e1, no se sabe si hay que rendir los mismos ex\u00e1menes anuales que rinden los m\u00e9dicos en todo el mundo para tener el t\u00edtulo vigente, entre muchas dudas m\u00e1s\u201d, indicaron algunos m\u00e9dicos locales.<\/p>\n\n\n\n<p>Otros, si bien celebraron la noticia, tambi\u00e9n mostraron preocupaci\u00f3n por un posible \u00e9xodo de profesionales al exterior, sobre todo, los m\u00e1s j\u00f3venes, que son los que mayor disconformidad muestran con el sistema actual y los sueldos vigentes.<\/p>\n\n\n\n<p><strong>Fuente: www.elsol.com.ar<\/strong><\/p>\n","protected":false},"excerpt":{"rendered":"<p>La reciente\u00a0certificaci\u00f3n internacional de los t\u00edtulos universitarios\u00a0otorgados por instituciones argentinas acreditadas por la Comisi\u00f3n Nacional de Evaluaci\u00f3n y Acreditaci\u00f3n Universitaria (CONEAU) ha generado\u00a0gran expectativa entre los m\u00e9dicos mendocinos. Y es que&nbsp;esta validaci\u00f3n a nivel mundial abre un abanico de oportunidades para los profesionales de la salud de Mendoza, quienes podr\u00e1n ejercer su profesi\u00f3n en cualquier [&hellip;]<\/p>\n","protected":false},"author":2,"featured_media":11073,"comment_status":"open","ping_status":"open","sticky":false,"template":"","format":"standard","meta":[],"categories":[58],"tags":[],"_links":{"self":[{"href":"https:\/\/pasaenmendoza.com\/index.php?rest_route=\/wp\/v2\/posts\/11072"}],"collection":[{"href":"https:\/\/pasaenmendoza.com\/index.php?rest_route=\/wp\/v2\/posts"}],"about":[{"href":"https:\/\/pasaenmendoza.com\/index.php?rest_route=\/wp\/v2\/types\/post"}],"author":[{"embeddable":true,"href":"https:\/\/pasaenmendoza.com\/index.php?rest_route=\/wp\/v2\/users\/2"}],"replies":[{"embeddable":true,"href":"https:\/\/pasaenmendoza.com\/index.php?rest_route=%2Fwp%2Fv2%2Fcomments&post=11072"}],"version-history":[{"count":1,"href":"https:\/\/pasaenmendoza.com\/index.php?rest_route=\/wp\/v2\/posts\/11072\/revisions"}],"predecessor-version":[{"id":11074,"href":"https:\/\/pasaenmendoza.com\/index.php?rest_route=\/wp\/v2\/posts\/11072\/revisions\/11074"}],"wp:featuredmedia":[{"embeddable":true,"href":"https:\/\/pasaenmendoza.com\/index.php?rest_route=\/wp\/v2\/media\/11073"}],"wp:attachment":[{"href":"https:\/\/pasaenmendoza.com\/index.php?rest_route=%2Fwp%2Fv2%2Fmedia&parent=11072"}],"wp:term":[{"taxonomy":"category","embeddable":true,"href":"https:\/\/pasaenmendoza.com\/index.php?rest_route=%2Fwp%2Fv2%2Fcategories&post=11072"},{"taxonomy":"post_tag","embeddable":true,"href":"https:\/\/pasaenmendoza.com\/index.php?rest_route=%2Fwp%2Fv2%2Ftags&post=11072"}],"curies":[{"name":"wp","href":"https:\/\/api.w.org\/{rel}","templated":true}]}}