{"id":11075,"date":"2025-01-16T14:10:10","date_gmt":"2025-01-16T13:10:10","guid":{"rendered":"https:\/\/pasaenmendoza.com\/?p=11075"},"modified":"2025-01-16T14:10:11","modified_gmt":"2025-01-16T13:10:11","slug":"mendoza-es-un-horno-llega-un-falso-alivio-pero-regresa-el-calor-sofocante","status":"publish","type":"post","link":"https:\/\/pasaenmendoza.com\/?p=11075","title":{"rendered":"Mendoza es un horno: llega un \u201cfalso alivio\u201d, pero regresa el calor sofocante"},"content":{"rendered":"\n<p>La extensa&nbsp;<strong>ola de calor<\/strong>&nbsp;que se instal\u00f3 en&nbsp;<strong>Mendoza<\/strong>&nbsp;est\u00e1 llegando a su fin, aunque&nbsp;<strong>no es un retiro definitivo<\/strong>. Con m\u00e1ximas que treparon a los 37 grados, durante los pr\u00f3ximos d\u00edas, los mendocinos podr\u00e1n disfrutar de un<strong>&nbsp;\u201cfalso alivio\u201d<\/strong>, ya que ingresa un sistema frontal que har\u00e1 descender tanto las m\u00ednimas como las m\u00e1ximas.<\/p>\n\n\n\n<p>Para este\u00a0<strong>jueves<\/strong>, la Direcci\u00f3n de Contingencias Clim\u00e1ticas indica: \u201cCielo parcialmente nublado con descenso de la temperatura, vientos moderados del sudeste. Precipitaciones en cordillera\u201d.\u00a0<strong>La m\u00ednima ser\u00e1 de 23 grados y la m\u00e1xima de 32.<\/strong><\/p>\n\n\n\n<p>El\u00a0<strong>viernes<\/strong>\u00a0seguir\u00e1 caluroso, pero con nubosidad variable y tormentas aisladas, vientos moderados del sudeste. Adem\u00e1s, se prev\u00e9n precipitaciones en cordillera.\u00a0<strong>La m\u00ednima ser\u00e1 de 22 grados y la m\u00e1xima de 35.<\/strong><\/p>\n\n\n\n<p>En tanto, para el&nbsp;<strong>s\u00e1bado<\/strong>, el meteor\u00f3logo&nbsp;<strong>Fernando Jara<\/strong>&nbsp;indic\u00f3 que \u201chay que estar muy atentos, porque estar\u00e1 con nubosidad variable y altas chances de tormentas de mediana a gran intensidad\u201d.<\/p>\n\n\n\n<p>El fen\u00f3meno podr\u00eda generarse durante la madrugada en el este, sureste y en algunos lugares del Gran Mendoza.<\/p>\n\n\n\n<p>\u201c<em><strong>Se aproxima un sistema con circulaci\u00f3n de aire fr\u00edo<\/strong><\/em>&nbsp;en altura que dejar\u00e1 un leve descenso de la temperatura cuya m\u00ednima ser\u00e1 de 22 grados y la m\u00e1xima llegar\u00eda a los 32\u2033, indic\u00f3 el especialista.<\/p>\n\n\n\n<h2 class=\"wp-block-heading\" id=\"h-vuelve-el-calor-sofocante\">Vuelve el calor sofocante<\/h2>\n\n\n\n<p>El respiro ser\u00e1 por unos d\u00edas, ya que el\u00a0<strong>domingo<\/strong>\u00a0se prev\u00e9 una jornada calurosa, con poca nubosidad y ascenso de la temperatura, vientos moderados del noreste. Buen tiempo en cordillera.\u00a0<strong>La m\u00ednima ser\u00e1 de 23 grados y la m\u00e1xima de 35.<\/strong><\/p>\n\n\n\n<p>Y el\u00a0<strong>lunes<\/strong>\u00a0regresa el\u00a0<strong>calor agobiante<\/strong>, con poca nubosidad y vientos moderados del noreste.\u00a0<strong>La m\u00ednima ser\u00e1 de 24 grados y la m\u00e1xima de 38.<\/strong><\/p>\n\n\n\n<p><strong>Fuente: www.elsol.com.ar<\/strong><\/p>\n","protected":false},"excerpt":{"rendered":"<p>La extensa&nbsp;ola de calor&nbsp;que se instal\u00f3 en&nbsp;Mendoza&nbsp;est\u00e1 llegando a su fin, aunque&nbsp;no es un retiro definitivo. Con m\u00e1ximas que treparon a los 37 grados, durante los pr\u00f3ximos d\u00edas, los mendocinos podr\u00e1n disfrutar de un&nbsp;\u201cfalso alivio\u201d, ya que ingresa un sistema frontal que har\u00e1 descender tanto las m\u00ednimas como las m\u00e1ximas. Para este\u00a0jueves, la Direcci\u00f3n de [&hellip;]<\/p>\n","protected":false},"author":2,"featured_media":11076,"comment_status":"open","ping_status":"open","sticky":false,"template":"","format":"standard","meta":[],"categories":[52],"tags":[],"_links":{"self":[{"href":"https:\/\/pasaenmendoza.com\/index.php?rest_route=\/wp\/v2\/posts\/11075"}],"collection":[{"href":"https:\/\/pasaenmendoza.com\/index.php?rest_route=\/wp\/v2\/posts"}],"about":[{"href":"https:\/\/pasaenmendoza.com\/index.php?rest_route=\/wp\/v2\/types\/post"}],"author":[{"embeddable":true,"href":"https:\/\/pasaenmendoza.com\/index.php?rest_route=\/wp\/v2\/users\/2"}],"replies":[{"embeddable":true,"href":"https:\/\/pasaenmendoza.com\/index.php?rest_route=%2Fwp%2Fv2%2Fcomments&post=11075"}],"version-history":[{"count":1,"href":"https:\/\/pasaenmendoza.com\/index.php?rest_route=\/wp\/v2\/posts\/11075\/revisions"}],"predecessor-version":[{"id":11077,"href":"https:\/\/pasaenmendoza.com\/index.php?rest_route=\/wp\/v2\/posts\/11075\/revisions\/11077"}],"wp:featuredmedia":[{"embeddable":true,"href":"https:\/\/pasaenmendoza.com\/index.php?rest_route=\/wp\/v2\/media\/11076"}],"wp:attachment":[{"href":"https:\/\/pasaenmendoza.com\/index.php?rest_route=%2Fwp%2Fv2%2Fmedia&parent=11075"}],"wp:term":[{"taxonomy":"category","embeddable":true,"href":"https:\/\/pasaenmendoza.com\/index.php?rest_route=%2Fwp%2Fv2%2Fcategories&post=11075"},{"taxonomy":"post_tag","embeddable":true,"href":"https:\/\/pasaenmendoza.com\/index.php?rest_route=%2Fwp%2Fv2%2Ftags&post=11075"}],"curies":[{"name":"wp","href":"https:\/\/api.w.org\/{rel}","templated":true}]}}