{"id":11081,"date":"2025-01-16T14:21:15","date_gmt":"2025-01-16T13:21:15","guid":{"rendered":"https:\/\/pasaenmendoza.com\/?p=11081"},"modified":"2025-01-16T14:21:16","modified_gmt":"2025-01-16T13:21:16","slug":"identificaron-el-cadaver-hallado-en-potrerillos-la-hipotesis-de-los-investigadores","status":"publish","type":"post","link":"https:\/\/pasaenmendoza.com\/?p=11081","title":{"rendered":"Identificaron el cad\u00e1ver hallado en Potrerillos: la hip\u00f3tesis de los investigadores"},"content":{"rendered":"\n<p>Investigadores judiciales y policiales identificaron el&nbsp;<strong>cad\u00e1ver de un hombre en estado de descomposici\u00f3n<\/strong>&nbsp;hallado la noche del martes en&nbsp;<strong>Potrerillos<\/strong>,&nbsp;<strong>Luj\u00e1n de Cuyo<\/strong>. Se trataba&nbsp;<strong>Paulo Ariel Alejandro G\u00f3mez<\/strong>, de 54 a\u00f1os y domiciliado en&nbsp;<strong>Guaymall\u00e9n<\/strong>.<\/p>\n\n\n\n<p>De acuerdo con fuentes policiales, el hombre faltaba en su casa desde el viernes, pero&nbsp;<strong>no hab\u00edan denunciado su paradero<\/strong>. Al parecer, se retir\u00f3 del lugar despu\u00e9s de mantener una discusi\u00f3n con un amigo.<\/p>\n\n\n\n<p>M\u00e1s all\u00e1 de que restaba el informe de la necropsia para conocer su causa de muerte, todo apunta a que el hombre decidi\u00f3 quitarse la vida, ya que entre sus pertenencias encontraron un bl\u00edster de pastillas, se\u00f1ala la informaci\u00f3n.<\/p>\n\n\n\n<p>El cuerpo de G\u00f3mez fue hallado pasadas las 22 por vecinos de la zona a un costado de la&nbsp;<strong>avenida Los C\u00f3ndores<\/strong>, bajo el puente de la&nbsp;<strong>ruta 7&nbsp;<\/strong>y a pocos metros del<strong>&nbsp;r\u00edo Blanco<\/strong>.<\/p>\n\n\n\n<p>En el lugar trabaj\u00f3 personal de&nbsp;<strong>Investigaciones&nbsp;<\/strong>y de la&nbsp;<strong>Polic\u00eda Cient\u00edfica<\/strong>, cuyo personal realiz\u00f3 los primeros peritajes en la escena y luego trasladaron el cad\u00e1ver al&nbsp;<strong>Cuerpo M\u00e9dico Forense&nbsp;<\/strong>(<strong>CMF<\/strong>).<\/p>\n\n\n\n<p>En el caso tom\u00f3 intervenci\u00f3n la\u00a0<strong>fiscal de Homicidios Andrea Lazo<\/strong>, quien aguardaba por la incorporaci\u00f3n del adelanto de la autopsia para conocer los motivos del deceso de G\u00f3mez.<\/p>\n\n\n\n<p><strong>Fuente: www.elsol.com.ar<\/strong><\/p>\n","protected":false},"excerpt":{"rendered":"<p>Investigadores judiciales y policiales identificaron el&nbsp;cad\u00e1ver de un hombre en estado de descomposici\u00f3n&nbsp;hallado la noche del martes en&nbsp;Potrerillos,&nbsp;Luj\u00e1n de Cuyo. Se trataba&nbsp;Paulo Ariel Alejandro G\u00f3mez, de 54 a\u00f1os y domiciliado en&nbsp;Guaymall\u00e9n. De acuerdo con fuentes policiales, el hombre faltaba en su casa desde el viernes, pero&nbsp;no hab\u00edan denunciado su paradero. Al parecer, se retir\u00f3 del [&hellip;]<\/p>\n","protected":false},"author":2,"featured_media":11082,"comment_status":"open","ping_status":"open","sticky":false,"template":"","format":"standard","meta":[],"categories":[48],"tags":[],"_links":{"self":[{"href":"https:\/\/pasaenmendoza.com\/index.php?rest_route=\/wp\/v2\/posts\/11081"}],"collection":[{"href":"https:\/\/pasaenmendoza.com\/index.php?rest_route=\/wp\/v2\/posts"}],"about":[{"href":"https:\/\/pasaenmendoza.com\/index.php?rest_route=\/wp\/v2\/types\/post"}],"author":[{"embeddable":true,"href":"https:\/\/pasaenmendoza.com\/index.php?rest_route=\/wp\/v2\/users\/2"}],"replies":[{"embeddable":true,"href":"https:\/\/pasaenmendoza.com\/index.php?rest_route=%2Fwp%2Fv2%2Fcomments&post=11081"}],"version-history":[{"count":1,"href":"https:\/\/pasaenmendoza.com\/index.php?rest_route=\/wp\/v2\/posts\/11081\/revisions"}],"predecessor-version":[{"id":11083,"href":"https:\/\/pasaenmendoza.com\/index.php?rest_route=\/wp\/v2\/posts\/11081\/revisions\/11083"}],"wp:featuredmedia":[{"embeddable":true,"href":"https:\/\/pasaenmendoza.com\/index.php?rest_route=\/wp\/v2\/media\/11082"}],"wp:attachment":[{"href":"https:\/\/pasaenmendoza.com\/index.php?rest_route=%2Fwp%2Fv2%2Fmedia&parent=11081"}],"wp:term":[{"taxonomy":"category","embeddable":true,"href":"https:\/\/pasaenmendoza.com\/index.php?rest_route=%2Fwp%2Fv2%2Fcategories&post=11081"},{"taxonomy":"post_tag","embeddable":true,"href":"https:\/\/pasaenmendoza.com\/index.php?rest_route=%2Fwp%2Fv2%2Ftags&post=11081"}],"curies":[{"name":"wp","href":"https:\/\/api.w.org\/{rel}","templated":true}]}}