{"id":11087,"date":"2025-01-16T22:58:21","date_gmt":"2025-01-16T21:58:21","guid":{"rendered":"https:\/\/pasaenmendoza.com\/?p=11087"},"modified":"2025-01-16T22:58:22","modified_gmt":"2025-01-16T21:58:22","slug":"las-rutas-mendocinas-donde-se-cobrara-peaje-desde-este-ano","status":"publish","type":"post","link":"https:\/\/pasaenmendoza.com\/?p=11087","title":{"rendered":"Las rutas mendocinas donde se cobrar\u00e1 peaje desde este a\u00f1o"},"content":{"rendered":"\n<p>Mientras el Gobierno de Javier Milei avanza con su plan de privatizaci\u00f3n de las\u00a0<strong>rutas<\/strong>\u00a0nacionales,\u00a0<strong>Mendoza\u00a0<\/strong>tiene previsto en el\u00a0presupuesto 2025\u00a0nuevos sistemas de cobro para prorratear parte de los costos de obras viales. Por ahora, est\u00e1\u00a0asegurado el cobro de\u00a0<strong>peaje<\/strong>\u00a0en las\u00a0<strong>rutas<\/strong>\u00a0153 (en sus tramos 1 y 2),\u00a0la 171 y la 82, de acuerdo informaron desde Casa de Gobierno.<\/p>\n\n\n\n<p>Hay otros caminos en an\u00e1lisis&nbsp;que podr\u00edan ser incorporados bajo el sistema de&nbsp;<strong>peaje<\/strong>&nbsp;o con el cobro de&nbsp;un porcentaje dentro del impuesto Inmobiliario para quienes vivan en la zona y se beneficien con las obras. Por otro lado, se esperan novedades desde Buenos Aires, sobre qu\u00e9 ocurrir\u00e1 con la&nbsp;<strong>Ruta&nbsp;<\/strong>7, que es nacional, y a\u00fan no se conoce si&nbsp;entrar\u00e1 en el plan de privatizaciones previsto para 2025 y, si esto ocurre, lo m\u00e1s probable es que tambi\u00e9n cuente con un&nbsp;<strong>peaje,<\/strong>&nbsp;pero con otro sistema ya que estar\u00e1 vinculado a la empresa que quede a cargo.&nbsp;<\/p>\n\n\n\n<p>El plan de Alfredo Cornejo fue anunciado en 2024 con la intenci\u00f3n de avanzar este a\u00f1o. A diferencia del Gobierno nacional, que apunta a privatizar rutas,&nbsp;<strong>Mendoza<\/strong>&nbsp;invertir\u00e1 en las&nbsp;<strong>obras<\/strong>, pero pretende&nbsp;que los fondos invertidos vuelvan a trav\u00e9s del cobro de&nbsp;<strong>peaje<\/strong>&nbsp;o tambi\u00e9n de&nbsp;prorratear parte de lo gastado en los caminos&nbsp;entre los beneficiarios a trav\u00e9s del impuesto Inmobiliario. Por ejemplo, a los frentistas que les aument\u00f3 el valor de una vivienda gracias a la obra&nbsp;les llegar\u00e1 el impuesto con un porcentaje determinado incluido en la boleta.&nbsp;<\/p>\n\n\n\n<p>Dos de las<strong>\u00a0rutas<\/strong>\u00a0con\u00a0<strong>peaje<\/strong>\u00a0asegurado, si se terminan este a\u00f1o,\u00a0fueron anunciadas en octubre y est\u00e1n localizadas en el\u00a0este y en el sur.\u00a0Se trata de la\u00a0153 (en sus tramos 1 y 2) y la 171. La primera une Las Catitas, San Rafael y General Alvear y, la segunda, San Rafael con General Alvear.<\/p>\n\n\n\n<p>En la<strong>\u00a0ruta<\/strong>\u00a0153 se invertir\u00e1n US$15 millones en su tramo 1 y US$\u00a012,5 millones en su tramo 2. En tanto,\u00a0en la 171, se aportar\u00e1n US$\u00a07,8 millones y las tareas tienen un plazo de ejecuci\u00f3n de ocho meses. La inversi\u00f3n se har\u00e1 con el\u00a0Fondo de Resarcimiento Econ\u00f3mico\u00a0que son los montos que cobr\u00f3\u00a0<strong>Mendoza<\/strong>\u00a0por los perjuicios que sufri\u00f3 durante la d\u00e9cada del 90 por la aplicaci\u00f3n de la promoci\u00f3n industrial en las provincias vecinas.\u00a0<\/p>\n\n\n\n<p>Las garitas del&nbsp;<strong>peaje&nbsp;<\/strong>de esas dos<strong>&nbsp;rutas<\/strong>&nbsp;ser\u00e1n con&nbsp;pago manual.<\/p>\n\n\n\n<p>Se tiene previsto que se remodele de forma\u00a0completa la carpeta asf\u00e1ltica, tambi\u00e9n\u00a0habr\u00e1 cambios en\u00a0las\u00a0banquinas de seguridad e instalaci\u00f3n de se\u00f1ales viales en todos los tramos.<\/p>\n\n\n\n<p>En el caso de la\u00a0<strong>ruta<\/strong>\u00a082, el cobro de peaje ser\u00eda\u00a0por sensores o telepeajes. En la zona de La Tijera y Guardia Vieja circulan unos 22.000 veh\u00edculos cada d\u00eda, seg\u00fan los estudios de tr\u00e1nsito medio diario anual que inform\u00f3 el Gobierno. De Guardia Vieja a Gobernador Ortiz circulan a diario unos 6.600 autos y, desde all\u00ed a Cacheuta, unos 4.500.\u00a0<\/p>\n\n\n\n<p>En el presupuesto 2025, el Gobierno provincial incorpor\u00f3 el art\u00edculo 48 en el que enumera dos obras que ser\u00edan incorporadas al r\u00e9gimen de contribuci\u00f3n por mejoras, es decir posiblemente a trav\u00e9s de un cobro de un \u00edtem en el inmobiliario. Se trata del tramo 2 de la&nbsp;<strong>ruta&nbsp;<\/strong>99 y de I y ll de la 82.&nbsp;<\/p>\n\n\n\n<p>Ese&nbsp;art\u00edculo de la pauta de gastos, dice textualmente: &#8220;Incorp\u00f3rense las obras que se enumeran a continuaci\u00f3n, al r\u00e9gimen de<br>contribuci\u00f3n por mejoras, en los t\u00e9rminos y condiciones que para este r\u00e9gimen disponga el C\u00f3digo Fiscal:-RP N\u00b0 99 -Tramo II, desde Progr. 3.350,00 hasta Progr. 7.000,00 (Inicio coronamiento presa Papagayos) y -RP N\u00b0 82 &#8211; desde calle Ugarte a intersecci\u00f3n calle Roque Saenz Pe\u00f1a.Esto incluye el Tramo I (construido) que va desde calle Ugarte hasta rotonda La Tijera y el Tramo II, desde ese punto&nbsp;hasta la rotonda de la&nbsp;calle Gobernador Ortiz&#8221;. En ese sentido, el art\u00edculo agrega: &#8220;El Poder Ejecutivo establecer\u00e1, una vez concluida o sus etapas, el procedimiento para la determinaci\u00f3n de la contribuci\u00f3n, su alcance y plazo; dentro del marco previsto en el C\u00f3digo Fiscal&#8221;.<\/p>\n\n\n\n<p>Por otro lado, por estas horas, est\u00e1n las miradas puestas\u00a0en todas las provincias sobre c\u00f3mo avanzar\u00e1 el plan del Gobierno de Milei para privatizar las\u00a0<strong>rutas\u00a0<\/strong>nacionales. Este mi\u00e9rcoles 15 de enero\u00a0inici\u00f3\u00a0la primera etapa, con el proceso de concesi\u00f3n del Corredor vial 18, en la zona del Litoral. En la enumeraci\u00f3n de las primeras obras no figura\u00a0<strong>Mendoza<\/strong>, pero en el plan de privatizaci\u00f3n incluye la\u00a0<strong>ruta<\/strong>\u00a07 desde Desaguadero hasta el Paso a Chile. Cuando termine el proceso, y la\u00a0<strong>ruta<\/strong>\u00a0quede en manos de privados, cobrar\u00e1n\u00a0<strong>peaje,\u00a0<\/strong>de acuerdo a lo dispuesto por el Gobierno libertario.\u00a0<\/p>\n\n\n\n<p><strong>Fuente: www.mdzol.com<\/strong><\/p>\n","protected":false},"excerpt":{"rendered":"<p>Mientras el Gobierno de Javier Milei avanza con su plan de privatizaci\u00f3n de las\u00a0rutas\u00a0nacionales,\u00a0Mendoza\u00a0tiene previsto en el\u00a0presupuesto 2025\u00a0nuevos sistemas de cobro para prorratear parte de los costos de obras viales. Por ahora, est\u00e1\u00a0asegurado el cobro de\u00a0peaje\u00a0en las\u00a0rutas\u00a0153 (en sus tramos 1 y 2),\u00a0la 171 y la 82, de acuerdo informaron desde Casa de Gobierno. Hay [&hellip;]<\/p>\n","protected":false},"author":2,"featured_media":11088,"comment_status":"open","ping_status":"open","sticky":false,"template":"","format":"standard","meta":[],"categories":[50],"tags":[],"_links":{"self":[{"href":"https:\/\/pasaenmendoza.com\/index.php?rest_route=\/wp\/v2\/posts\/11087"}],"collection":[{"href":"https:\/\/pasaenmendoza.com\/index.php?rest_route=\/wp\/v2\/posts"}],"about":[{"href":"https:\/\/pasaenmendoza.com\/index.php?rest_route=\/wp\/v2\/types\/post"}],"author":[{"embeddable":true,"href":"https:\/\/pasaenmendoza.com\/index.php?rest_route=\/wp\/v2\/users\/2"}],"replies":[{"embeddable":true,"href":"https:\/\/pasaenmendoza.com\/index.php?rest_route=%2Fwp%2Fv2%2Fcomments&post=11087"}],"version-history":[{"count":1,"href":"https:\/\/pasaenmendoza.com\/index.php?rest_route=\/wp\/v2\/posts\/11087\/revisions"}],"predecessor-version":[{"id":11089,"href":"https:\/\/pasaenmendoza.com\/index.php?rest_route=\/wp\/v2\/posts\/11087\/revisions\/11089"}],"wp:featuredmedia":[{"embeddable":true,"href":"https:\/\/pasaenmendoza.com\/index.php?rest_route=\/wp\/v2\/media\/11088"}],"wp:attachment":[{"href":"https:\/\/pasaenmendoza.com\/index.php?rest_route=%2Fwp%2Fv2%2Fmedia&parent=11087"}],"wp:term":[{"taxonomy":"category","embeddable":true,"href":"https:\/\/pasaenmendoza.com\/index.php?rest_route=%2Fwp%2Fv2%2Fcategories&post=11087"},{"taxonomy":"post_tag","embeddable":true,"href":"https:\/\/pasaenmendoza.com\/index.php?rest_route=%2Fwp%2Fv2%2Ftags&post=11087"}],"curies":[{"name":"wp","href":"https:\/\/api.w.org\/{rel}","templated":true}]}}