{"id":1109,"date":"2023-08-31T16:31:16","date_gmt":"2023-08-31T14:31:16","guid":{"rendered":"https:\/\/pasaenmendoza.com\/?p=1109"},"modified":"2023-08-31T16:31:16","modified_gmt":"2023-08-31T14:31:16","slug":"dia-de-la-obstetricia-y-la-embarazada-los-controles-recomendados-en-cada-etapa-gestacional","status":"publish","type":"post","link":"https:\/\/pasaenmendoza.com\/?p=1109","title":{"rendered":"D\u00eda de la Obstetricia y la Embarazada: los controles recomendados en cada etapa gestacional"},"content":{"rendered":"\n<p>En el D\u00eda de la Obstetricia y la Embarazada, profesionales de la especialidad<strong>\u00a0repasaron los controles m\u00e9dicos<\/strong>\u00a0que deben realizarse durante todo el embarazo para\u00a0<strong>detectar patolog\u00edas prenatales y evitar complicaciones,\u00a0<\/strong>al tiempo que hicieron hincapi\u00e9 en la importancia del acceso a estos estudios as\u00ed como a un\u00a0<strong>acompa\u00f1amiento centrado en la gestante y respetuoso<\/strong>\u00a0de sus deseos y necesidades.<\/p>\n\n\n\n<p>En primer lugar, es necesario determinar<strong>&nbsp;si se trata de un &#8220;embarazo de alto riesgo&#8221;,<\/strong>&nbsp;caracterizado por una mayor probabilidad de problemas de salud<strong>&nbsp;antes, durante o despu\u00e9s del parto,<\/strong>&nbsp;tanto para la persona gestante como para el beb\u00e9, ya que una identificaci\u00f3n precoz de esta condici\u00f3n permitir\u00e1&nbsp;<strong>implementar a tiempo los controles y tratamientos<\/strong>&nbsp;indicados, coincidieron los especialistas.<\/p>\n\n\n\n<p>&#8220;Hay factores de riesgo que est\u00e1n\u00a0<strong>presentes desde antes de la gestaci\u00f3n<\/strong>\u00a0y otros aparecen o se desarrollan\u00a0<strong>en el transcurso del embarazo&#8221;,<\/strong>\u00a0dijo a la Jefa de la Secci\u00f3n de Alto Riesgo y Embarazo del Hospital Santojanni, Lorena Claus.<\/p>\n\n\n\n<p>La edad materna,&nbsp;<strong>condiciones socioecon\u00f3micas, h\u00e1bitos t\u00f3xicos, enfermedades<\/strong>&nbsp;frecuentes como la obesidad, la diabetes y la hipertensi\u00f3n, o antecedentes de&nbsp;<strong>partos prematuros, muerte intrauterina o ces\u00e1reas,<\/strong>&nbsp;son algunos de los motivos por los cuales un embarazo&nbsp;<strong>se puede tornar de alto riesgo.<\/strong><\/p>\n\n\n\n<p>&#8220;Categorizado el embarazo seg\u00fan lo explicado anteriormente,\u00a0<strong>es indispensable un control cl\u00ednico de la mujer<\/strong>\u00a0que implica cuatro vectores:\u00a0<strong>la presi\u00f3n arterial y el peso materno;<\/strong>\u00a0la altura uterina que se mide\u00a0<strong>a partir de la semana 20 y que se chequea<\/strong>\u00a0a lo largo de todo el proceso; y, tambi\u00e9n,\u00a0<strong>la valoraci\u00f3n de vitalidad fetal&#8221;,<\/strong>\u00a0agreg\u00f3 esta m\u00e9dica ginec\u00f3loga y obstetra.<\/p>\n\n\n\n<p>La especialista explic\u00f3 que la&nbsp;<strong>primera ecograf\u00eda del embarazo es la que mide la edad gestacional.<\/strong><\/p>\n\n\n\n<p>&#8220;Una vez que calculamos este dato, necesitamos una\u00a0<strong>ecograf\u00eda en la semana 7 u 8 para valorar<\/strong>\u00a0si est\u00e1 bien formado el embri\u00f3n; luego se pide un estudio\u00a0<strong>entre la semana 11 a 14 para la detecci\u00f3n<\/strong>\u00a0de los problemas cromos\u00f3micos&#8221;, agrega Claus.<\/p>\n\n\n\n<p>La medici\u00f3n de&nbsp;<strong>translucencia nucal o TN es un c\u00famulo de l\u00edquido<\/strong>&nbsp;en la zona cervical y dorsal posterior del feto que es&nbsp;<strong>observable antes de las 14 semanas<\/strong>&nbsp;y que posteriormente&nbsp;<strong>tiende a desaparecer.<\/strong><\/p>\n\n\n\n<p>Se ha comprobado que la&nbsp;<strong>mayor\u00eda de los fetos con alteraciones cromos\u00f3micas<\/strong>&nbsp;como el s\u00edndrome de Down y un n\u00famero&nbsp;<strong>significativo de los portadores de malformaciones<\/strong>&nbsp;graves card\u00edacas, tienden a&nbsp;<strong>acumular m\u00e1s l\u00edquido en esta regi\u00f3n nucal.<\/strong><\/p>\n\n\n\n<p>El bioingeniero Alfredo Ludue\u00f1a, especialista de Centro de Servicios Hospitalarios, contin\u00faa explicando que &#8220;a partir de la semana 20,<strong>&nbsp;se recomienda hacer la ecograf\u00eda morfol\u00f3gica&#8221;<\/strong>&nbsp;dado que con ella no s\u00f3lo se podr\u00e1&nbsp;<strong>&#8220;tomar las medidas del feto&#8221;&nbsp;<\/strong>sino que tambi\u00e9n &#8220;podr\u00e1 realizarse un&nbsp;<strong>examen detallado de toda su morfolog\u00eda<\/strong>&nbsp;\u00f3rgano por \u00f3rgano&#8221;.<\/p>\n\n\n\n<p>Claus marca el ritmo que deben llevar los controles:\u00a0<strong>hasta la semana 24 son mensuales,<\/strong>\u00a0a partir de ah\u00ed es cada 3 semanas hasta\u00a0<strong>la semana 34 donde se incrementa a cada 2 semanas<\/strong>\u00a0y desde la 36 se relevan datos\u00a0<strong>todas las semanas hasta el fin del embarazo.<\/strong><\/p>\n\n\n\n<p>Tambi\u00e9n dijeron que es importante considerar que en todos los puntos del pa\u00eds&nbsp;<strong>es necesario que las mujeres tengan acceso<\/strong>&nbsp;no solo a un parto respetado, sino tambi\u00e9n a la&nbsp;<strong>atenci\u00f3n previa de estas 42 semanas.<\/strong><\/p>\n\n\n\n<p>&#8220;El embarazo y en particular el nacimiento son\u00a0<strong>situaciones de vulnerabilidad para la paciente,<\/strong>\u00a0por lo cual poder desarrollar relaciones de\u00a0<strong>confianza es el desaf\u00edo y compromiso diario<\/strong>\u00a0que asumimos como equipo&#8221; explica la obstetra Luc\u00eda V\u00e1zquez, Subjefa del Servicio de Obstetricia del Hospital Italiano.<\/p>\n\n\n\n<p>&#8220;Las familias y las personas&nbsp;<strong>gestantes necesitan contenci\u00f3n, poder sacarse dudas,<\/strong>&nbsp;hablar de lo que les pasa, de sus emociones&#8221;, explic\u00f3 Fernanda Lage, autora del libro Preguntas de la Embarazada del hospital ediciones, editorial del Instituto Universitario Hospital Italiano de Buenos Aires (IUHIBA) y m\u00e9dica del Servicio de Obstetricia del Hospital italiano.<\/p>\n\n\n\n<p>Cada 31 de agosto\u00a0<strong>se celebra el D\u00eda Internacional de la Obstetricia y la Embarazada<\/strong>\u00a0porque un d\u00eda como \u00e9ste, pero del\u00a0<strong>a\u00f1o 1240 falleci\u00f3 San Ram\u00f3n Nonato,<\/strong>\u00a0religioso espa\u00f1ol y patrono cat\u00f3lico de\u00a0<strong>las obst\u00e9tricas, parturientas y embarazadas.<\/strong>\u00a0Cuenta la historia que San Ram\u00f3n fue\u00a0<strong>extra\u00eddo del \u00fatero de su madre por ces\u00e1rea\u00a0<\/strong>despu\u00e9s de que\u00a0<strong>ella hubiera fallecido.<\/strong><\/p>\n\n\n\n<p><strong>Fuente: www.diariouno.com.ar<\/strong><\/p>\n","protected":false},"excerpt":{"rendered":"<p>En el D\u00eda de la Obstetricia y la Embarazada, profesionales de la especialidad\u00a0repasaron los controles m\u00e9dicos\u00a0que deben realizarse durante todo el embarazo para\u00a0detectar patolog\u00edas prenatales y evitar complicaciones,\u00a0al tiempo que hicieron hincapi\u00e9 en la importancia del acceso a estos estudios as\u00ed como a un\u00a0acompa\u00f1amiento centrado en la gestante y respetuoso\u00a0de sus deseos y necesidades. En [&hellip;]<\/p>\n","protected":false},"author":2,"featured_media":1111,"comment_status":"open","ping_status":"open","sticky":false,"template":"","format":"standard","meta":[],"categories":[50],"tags":[],"_links":{"self":[{"href":"https:\/\/pasaenmendoza.com\/index.php?rest_route=\/wp\/v2\/posts\/1109"}],"collection":[{"href":"https:\/\/pasaenmendoza.com\/index.php?rest_route=\/wp\/v2\/posts"}],"about":[{"href":"https:\/\/pasaenmendoza.com\/index.php?rest_route=\/wp\/v2\/types\/post"}],"author":[{"embeddable":true,"href":"https:\/\/pasaenmendoza.com\/index.php?rest_route=\/wp\/v2\/users\/2"}],"replies":[{"embeddable":true,"href":"https:\/\/pasaenmendoza.com\/index.php?rest_route=%2Fwp%2Fv2%2Fcomments&post=1109"}],"version-history":[{"count":1,"href":"https:\/\/pasaenmendoza.com\/index.php?rest_route=\/wp\/v2\/posts\/1109\/revisions"}],"predecessor-version":[{"id":1110,"href":"https:\/\/pasaenmendoza.com\/index.php?rest_route=\/wp\/v2\/posts\/1109\/revisions\/1110"}],"wp:featuredmedia":[{"embeddable":true,"href":"https:\/\/pasaenmendoza.com\/index.php?rest_route=\/wp\/v2\/media\/1111"}],"wp:attachment":[{"href":"https:\/\/pasaenmendoza.com\/index.php?rest_route=%2Fwp%2Fv2%2Fmedia&parent=1109"}],"wp:term":[{"taxonomy":"category","embeddable":true,"href":"https:\/\/pasaenmendoza.com\/index.php?rest_route=%2Fwp%2Fv2%2Fcategories&post=1109"},{"taxonomy":"post_tag","embeddable":true,"href":"https:\/\/pasaenmendoza.com\/index.php?rest_route=%2Fwp%2Fv2%2Ftags&post=1109"}],"curies":[{"name":"wp","href":"https:\/\/api.w.org\/{rel}","templated":true}]}}