{"id":11090,"date":"2025-01-16T23:11:10","date_gmt":"2025-01-16T22:11:10","guid":{"rendered":"https:\/\/pasaenmendoza.com\/?p=11090"},"modified":"2025-01-16T23:11:10","modified_gmt":"2025-01-16T22:11:10","slug":"vendimia-2025-comienzan-a-develarse-algunas-sorpresas-de-la-fiesta-maxima-de-los-mendocinos","status":"publish","type":"post","link":"https:\/\/pasaenmendoza.com\/?p=11090","title":{"rendered":"Vendimia 2025: comienzan a develarse \u201calgunas sorpresas\u201d de la fiesta m\u00e1xima de los mendocinos"},"content":{"rendered":"\n<p>Avanzan los preparativos para la\u00a0<strong>Fiesta Nacional de la Vendimia<\/strong>\u00a0que este a\u00f1o llevar\u00e1 por nombre \u201c<em>Guardianes del vino eterno<\/em>\u201d y contar\u00e1 con la direcci\u00f3n de\u00a0Franco Ag\u00fcero.\u00a0Mil ser\u00e1n los artistas responsables de la ceremonia y este a\u00f1o, los\u00a0<strong>mendocinos y turistas que se dispongan a disfrutar de la m\u00e1xima fiesta tendr\u00e1n la posibilidad de apreciar, minutos previos al inicio del Acto Central, del talento de Chakaymanta,<\/strong>\u00a0una de las agrupaciones de danza m\u00e1s hist\u00f3ricas de Mendoza.<\/p>\n\n\n\n<p>La formaci\u00f3n, creada en 1972 por Enrique Magallanes, hoy conducida por su hijo Sergio, cumplir\u00e1 un sue\u00f1o muy especial, ya que tendr\u00e1 la posibilidad de demostrar todo su arte ante miles y miles de espectadores en un escenario tan imponente como es el Frank Romero Day.<\/p>\n\n\n\n<p>\u201cEstar en ese escenario como agrupaci\u00f3n es como tocar el sol con las manos, como ganarse el Oscar que uno siempre sue\u00f1a\u201d, cont\u00f3 el actual director.<\/p>\n\n\n\n<p>Sin brindar muchos detalles sobre la presentaci\u00f3n, el artista anticip\u00f3 que est\u00e1n trabajando para sorprender al p\u00fablico no s\u00f3lo con la danza, sino con una imponente puesta en escena.<\/p>\n\n\n\n<p>\u201cSi bien no puedo contar mucho, puedo decir que ser\u00e1n cientos de artistas los que subir\u00e1n al escenario para poner lo mejor de s\u00ed.\u00a0<strong>Se destacar\u00e1, principalmente, el rol de la mujer<\/strong>\u00a0que en la agrupaci\u00f3n tiene un espacio de privilegio\u201d, cont\u00f3 Magallanes.<\/p>\n\n\n\n<h2 class=\"wp-block-heading\" id=\"h-una-agrupacion-con-historia\">Una agrupaci\u00f3n con historia<\/h2>\n\n\n\n<p>La instituci\u00f3n, reconocida en todo el pa\u00eds por su calidad art\u00edstica, se ha consolidado a trav\u00e9s de su historia como un espacio de contenci\u00f3n para ni\u00f1os y j\u00f3venes en situaci\u00f3n de vulnerabilidad de distintos puntos de la provincia.<\/p>\n\n\n\n<p>La mayor\u00eda de sus integrantes fueron parte del cuerpo art\u00edstico de diferentes fiestas vendimiales, sin embargo, nunca tuvieron la oportunidad de actuar como grupo en el Frank Romero Day, hasta este 2025 que tendr\u00e1n el gran desaf\u00edo.<\/p>\n\n\n\n<p>La agrupaci\u00f3n siempre ha estado muy vinculada a la m\u00e1xima celebraci\u00f3n de los mendocinos y, en cada escenario en el que se presentaron, tanto a nivel nacional como internacional, han destacado y puesto en valor la Fiesta Nacional de la Vendimia.<\/p>\n\n\n\n<p>En la actualidad, la escuela cuenta con sedes en diferentes departamentos de la provincia y del pa\u00eds, como en La Matanza (Buenos Aires), pero tambi\u00e9n en otros rincones del mundo como Uruguay, Chile, Estados Unidos. Fue fundada por Enrique Magallanes junto a otros artistas como Antonio Tejada, Teresa Carasa, que a\u00fan siguen bailando en la agrupaci\u00f3n.<\/p>\n\n\n\n<p>\u201cHaber sido convocados para ser parte de la Vendimia 2025 es una responsabilidad muy grande para la formaci\u00f3n. Porque en escena estar\u00e1 un cuerpo de bailarines conformado por ni\u00f1os y adultos mayores. La puesta ser\u00e1 muy impactante y estamos trabajando mucho para que todo salga bien\u201d, cont\u00f3 Sergio Magallanes.<\/p>\n\n\n\n<p>El artista esper\u00f3 por muchos a\u00f1os este momento y se le dio. \u201cSiento que merec\u00edamos estar en esta m\u00e1xima celebraci\u00f3n por todo el trabajo que se ha hecho y estamos muy agradecidos al subsecretario de Cultura de Mendoza, Diego Gareca, por la oportunidad y el homenaje\u201d, expres\u00f3.<\/p>\n\n\n\n<p>Respecto a la relaci\u00f3n con&nbsp;<strong>Franco Ag\u00fcero<\/strong>, flamante director de la Fiesta Nacional de la Vendimia 2025, Magallanes asegur\u00f3 que si bien no ha formado parte de Chakaymanta, conoce muy bien su trayectoria, sus or\u00edgenes y no tiene m\u00e1s que palabras de elogios para con el joven.<\/p>\n\n\n\n<p>\u201cLo conozco desde muy chico, tanto a \u00e9l como el trabajo que han realizado sus padres que como Chakaymanta realizaron un trabajo con una mirada social muy fuerte\u201d, manifest\u00f3 y destac\u00f3: \u201cFranco fue uno de los pioneros en el \u00e1mbito del malambo en Mendoza y el pa\u00eds y verlo hoy como director de la Vendimia es algo muy bueno, lo respeto much\u00edsimo, es un ser muy humilde y todo lo que ha logrado se lo ha ganado fruto de su enorme capacidad y trabajo\u201d.<\/p>\n\n\n\n<p><strong>Fuente: www.elsol.com.ar<\/strong><\/p>\n","protected":false},"excerpt":{"rendered":"<p>Avanzan los preparativos para la\u00a0Fiesta Nacional de la Vendimia\u00a0que este a\u00f1o llevar\u00e1 por nombre \u201cGuardianes del vino eterno\u201d y contar\u00e1 con la direcci\u00f3n de\u00a0Franco Ag\u00fcero.\u00a0Mil ser\u00e1n los artistas responsables de la ceremonia y este a\u00f1o, los\u00a0mendocinos y turistas que se dispongan a disfrutar de la m\u00e1xima fiesta tendr\u00e1n la posibilidad de apreciar, minutos previos al [&hellip;]<\/p>\n","protected":false},"author":2,"featured_media":11091,"comment_status":"open","ping_status":"open","sticky":false,"template":"","format":"standard","meta":[],"categories":[74],"tags":[],"_links":{"self":[{"href":"https:\/\/pasaenmendoza.com\/index.php?rest_route=\/wp\/v2\/posts\/11090"}],"collection":[{"href":"https:\/\/pasaenmendoza.com\/index.php?rest_route=\/wp\/v2\/posts"}],"about":[{"href":"https:\/\/pasaenmendoza.com\/index.php?rest_route=\/wp\/v2\/types\/post"}],"author":[{"embeddable":true,"href":"https:\/\/pasaenmendoza.com\/index.php?rest_route=\/wp\/v2\/users\/2"}],"replies":[{"embeddable":true,"href":"https:\/\/pasaenmendoza.com\/index.php?rest_route=%2Fwp%2Fv2%2Fcomments&post=11090"}],"version-history":[{"count":1,"href":"https:\/\/pasaenmendoza.com\/index.php?rest_route=\/wp\/v2\/posts\/11090\/revisions"}],"predecessor-version":[{"id":11092,"href":"https:\/\/pasaenmendoza.com\/index.php?rest_route=\/wp\/v2\/posts\/11090\/revisions\/11092"}],"wp:featuredmedia":[{"embeddable":true,"href":"https:\/\/pasaenmendoza.com\/index.php?rest_route=\/wp\/v2\/media\/11091"}],"wp:attachment":[{"href":"https:\/\/pasaenmendoza.com\/index.php?rest_route=%2Fwp%2Fv2%2Fmedia&parent=11090"}],"wp:term":[{"taxonomy":"category","embeddable":true,"href":"https:\/\/pasaenmendoza.com\/index.php?rest_route=%2Fwp%2Fv2%2Fcategories&post=11090"},{"taxonomy":"post_tag","embeddable":true,"href":"https:\/\/pasaenmendoza.com\/index.php?rest_route=%2Fwp%2Fv2%2Ftags&post=11090"}],"curies":[{"name":"wp","href":"https:\/\/api.w.org\/{rel}","templated":true}]}}