{"id":11096,"date":"2025-01-16T23:26:54","date_gmt":"2025-01-16T22:26:54","guid":{"rendered":"https:\/\/pasaenmendoza.com\/?p=11096"},"modified":"2025-01-16T23:26:55","modified_gmt":"2025-01-16T22:26:55","slug":"el-intendente-suarez-tambien-cree-que-las-paso-deben-realizarse","status":"publish","type":"post","link":"https:\/\/pasaenmendoza.com\/?p=11096","title":{"rendered":"El intendente Su\u00e1rez tambi\u00e9n cree que las PASO deben realizarse"},"content":{"rendered":"\n<p><em>&#8220;El sistema de las Primarias Abiertas Simult\u00e1neas y Obligatorias (PASO) es bueno para definir la oferta electoral. Siempre es mejor que esto lo defina la ciudadan\u00eda y no un grupo de dirigentes sentados en un escritorio, en una unidad b\u00e1sica, en un comit\u00e9 o una sede partidaria&#8221;<\/em>, expres\u00f3 el intendente de Capital\u00a0<strong>Ulpiano Suarez\u00a0<\/strong>al ser consultado sobre la intenci\u00f3n del gobierno nacional de eliminar esta instancia electoral antes de las elecciones legislativas 2025.<\/p>\n\n\n\n<p>Asimismo, Suarez no descart\u00f3 mejoras en el proceso eleccionario.\u00a0<em>&#8220;Puede ser un sistema que se mejore, donde si no hay realmente una contienda interna en un frente o un espacio, pueda pensarse en no hacer esa Primaria&#8221;,<\/em>\u00a0opin\u00f3.<\/p>\n\n\n\n<p>Por otra parte, el jefe comunal tom\u00f3 distancia de la posici\u00f3n del presidente Javier Milei.<\/p>\n\n\n\n<p>En este sentido, Suarez manifest\u00f3 que no solo que apoya las PASO, sino tambi\u00e9n que reducir el gasto p\u00fablico al m\u00ednimo puede llegar a ser peligroso.<\/p>\n\n\n\n<p><em>&#8220;Hay un argumento muy sencillo que es bajar el gasto, tambi\u00e9n hay que poner un l\u00edmite a eso.&nbsp;<strong>Si por bajar los gastos vamos a empezar a eliminar normas o cambiar reglas del juego, puede pasar que el d\u00eda ma\u00f1ana una sola persona decida todo lo que pasa en un pa\u00eds o en una provincia<\/strong>&#8220;,<\/em>&nbsp;resalt\u00f3 el intendente.<\/p>\n\n\n\n<p>Tambi\u00e9n indic\u00f3 que la pol\u00edtica no debe aferrarse\u00a0<em>&#8220;ciegamente&#8221;<\/em>\u00a0a las herramientas actuales, y que es necesario mejorarlas.<\/p>\n\n\n\n<p><em>&#8220;No hay que quedarnos en el cortoplacismo, hay que hacer un an\u00e1lisis en el tiempo. Por una experiencia o de un par de elecciones no podemos invalidar una herramienta, un instrumento para poder definir qui\u00e9nes son los candidatos&#8221;,<\/em>&nbsp;expres\u00f3.<\/p>\n\n\n\n<p><a href=\"https:\/\/www.sitioandino.com.ar\/sociedad\/el-estacionamiento-medido-digital-capital-ya-cuenta-mas-12500-descargas-como-funciona-n5691784\"><\/a><a href=\"https:\/\/www.sitioandino.com.ar\/departamentales\/ulpiano-suarez-acompano-los-trabajadores-municipales-ciudad-el-operativo-360-n5691460\"><\/a><\/p>\n\n\n\n<p>Adem\u00e1s, agreg\u00f3:\u00a0<em><strong>&#8220;Estoy convencido de que hay que bajar el gasto de la pol\u00edtica, de que el equilibrio fiscal es muy bueno, que todo eso tiene que contribuir para bajar la inflaci\u00f3n, pero tiene que haber un l\u00edmite, sino en un momento vamos a eliminar todas las reglas de juego&#8221;.<\/strong><\/em><\/p>\n\n\n\n<p>El presidente&nbsp;<strong>Javier Milei&nbsp;<\/strong>busca la eliminaci\u00f3n definitiva de las<strong>&nbsp;PASO<\/strong>, mientras que el&nbsp;<strong>PRO<\/strong>&nbsp;y&nbsp;<strong>Uni\u00f3n por la Patria<\/strong>&nbsp;est\u00e1n dispuestos a suspenderlas este a\u00f1o, pero no para siempre.<\/p>\n\n\n\n<p>El jefe de Estado argumenta que este proceso eleccionario es un gasto que se puede evitar para as\u00ed seguir con su plan de reducir al m\u00ednimo el costo p\u00fablico.<\/p>\n\n\n\n<p>A su vez, el jefe de Gabinete<strong>&nbsp;Guillermo Francos&nbsp;<\/strong>ha expresado en sus redes sociales que&nbsp;<em>&#8220;solo han sido un costo econ\u00f3mico para el Estado y una molestia para el conjunto de ciudadanos que han tenido que votar en las PASO para resolver los problemas que los pol\u00edticos no han sabido solucionar en sus propios partidos&#8221;.<\/em><\/p>\n\n\n\n<p>Por su parte, el gobernador\u00a0<strong>Alfredo Cornejo<\/strong>\u00a0es un defensor de las Primarias y ha expresado que son un ejemplo de institucionalidad en Mendoza, por lo que este a\u00f1o habr\u00e1 PASO, pero a\u00fan no se sabe si el Gobernador desdoblar\u00e1 las elecciones para realizar el proceso de forma diferenciada de la Naci\u00f3n.<\/p>\n\n\n\n<p><strong>Fuente: www.memo.com.ar<\/strong><\/p>\n","protected":false},"excerpt":{"rendered":"<p>&#8220;El sistema de las Primarias Abiertas Simult\u00e1neas y Obligatorias (PASO) es bueno para definir la oferta electoral. Siempre es mejor que esto lo defina la ciudadan\u00eda y no un grupo de dirigentes sentados en un escritorio, en una unidad b\u00e1sica, en un comit\u00e9 o una sede partidaria&#8221;, expres\u00f3 el intendente de Capital\u00a0Ulpiano Suarez\u00a0al ser consultado [&hellip;]<\/p>\n","protected":false},"author":2,"featured_media":11097,"comment_status":"open","ping_status":"open","sticky":false,"template":"","format":"standard","meta":[],"categories":[47],"tags":[],"_links":{"self":[{"href":"https:\/\/pasaenmendoza.com\/index.php?rest_route=\/wp\/v2\/posts\/11096"}],"collection":[{"href":"https:\/\/pasaenmendoza.com\/index.php?rest_route=\/wp\/v2\/posts"}],"about":[{"href":"https:\/\/pasaenmendoza.com\/index.php?rest_route=\/wp\/v2\/types\/post"}],"author":[{"embeddable":true,"href":"https:\/\/pasaenmendoza.com\/index.php?rest_route=\/wp\/v2\/users\/2"}],"replies":[{"embeddable":true,"href":"https:\/\/pasaenmendoza.com\/index.php?rest_route=%2Fwp%2Fv2%2Fcomments&post=11096"}],"version-history":[{"count":1,"href":"https:\/\/pasaenmendoza.com\/index.php?rest_route=\/wp\/v2\/posts\/11096\/revisions"}],"predecessor-version":[{"id":11098,"href":"https:\/\/pasaenmendoza.com\/index.php?rest_route=\/wp\/v2\/posts\/11096\/revisions\/11098"}],"wp:featuredmedia":[{"embeddable":true,"href":"https:\/\/pasaenmendoza.com\/index.php?rest_route=\/wp\/v2\/media\/11097"}],"wp:attachment":[{"href":"https:\/\/pasaenmendoza.com\/index.php?rest_route=%2Fwp%2Fv2%2Fmedia&parent=11096"}],"wp:term":[{"taxonomy":"category","embeddable":true,"href":"https:\/\/pasaenmendoza.com\/index.php?rest_route=%2Fwp%2Fv2%2Fcategories&post=11096"},{"taxonomy":"post_tag","embeddable":true,"href":"https:\/\/pasaenmendoza.com\/index.php?rest_route=%2Fwp%2Fv2%2Ftags&post=11096"}],"curies":[{"name":"wp","href":"https:\/\/api.w.org\/{rel}","templated":true}]}}