{"id":11099,"date":"2025-01-17T15:16:04","date_gmt":"2025-01-17T14:16:04","guid":{"rendered":"https:\/\/pasaenmendoza.com\/?p=11099"},"modified":"2025-01-17T15:16:05","modified_gmt":"2025-01-17T14:16:05","slug":"el-tiempo-en-mendoza-viernes-caluroso-y-con-alerta-por-tormentas-y-granizo","status":"publish","type":"post","link":"https:\/\/pasaenmendoza.com\/?p=11099","title":{"rendered":"El tiempo en Mendoza: viernes caluroso y con alerta por tormentas y granizo"},"content":{"rendered":"\n<p>La temperatura m\u00e1xima para este viernes alcanzar\u00e1 los 35 grados cent\u00edgrados, mientras que la m\u00ednima se mantendr\u00e1 elevada: 22 grados cent\u00edgrados.<\/p>\n\n\n\n<p>El pron\u00f3stico de la Direcci\u00f3n de Contingencias Clim\u00e1ticas adelant\u00f3 que estar\u00e1 \u201ccaluroso con nubosidad variable y tormentas aisladas, vientos moderados del sudeste\u201d.<\/p>\n\n\n\n<p>Tambi\u00e9n habr\u00e1 \u201cprecipitaciones en cordillera\u201d.<\/p>\n\n\n\n<h2 class=\"wp-block-heading\" id=\"h-alerta-por-tormentas\">Alerta por tormentas<\/h2>\n\n\n\n<p>El\u00a0<strong>Servicio Meteorol\u00f3gico Nacional<\/strong>\u00a0adelant\u00f3 que hay alerta en nivel amarillo por tormentas para varias zonas de la provincia.<\/p>\n\n\n\n<p>Las zonas afectadas son el&nbsp;<strong>este de Las Heras, La Paz, Lavalle, San Mart\u00edn y Santa Rosa&nbsp;<\/strong>para la ma\u00f1ana, la tarde y noche.<\/p>\n\n\n\n<p>Tambi\u00e9n para&nbsp;<strong>Jun\u00edn, Rivadavia, Valles de Luj\u00e1n de Cuyo, Valles de San Carlos, Valles de Tunuy\u00e1n y Valles de Tupungato<\/strong>, en horario de tarde.<\/p>\n\n\n\n<p>Y para\u00a0<strong>General Alvear y Zona baja de San Rafael<\/strong>, en la tarde y noche.<\/p>\n\n\n\n<p>Esto implica que el \u00e1rea ser\u00e1 afectada por \u201c<em><strong>tormentas aisladas<\/strong>, algunas localmente fuertes. Las mismas pueden estar acompa\u00f1adas por abundantes precipitaciones en cortos per\u00edodos, actividad el\u00e9ctrica intensa,\u00a0<strong>ca\u00edda de granizo<\/strong>\u00a0ocasional y r\u00e1fagas que podr\u00edan superar los 60 kil\u00f3metros por hora. Se prev\u00e9n valores de precipitaci\u00f3n acumulada entre 20 y 40 mil\u00edmetros, que pueden excederse en forma puntual. En las zonas m\u00e1s elevadas de la cordillera la precipitaci\u00f3n ser\u00e1 en forma de nieve y\/o granizo<\/em>\u201c.<\/p>\n\n\n\n<p><strong>Fuente: www.elsol.com.ar<\/strong><\/p>\n","protected":false},"excerpt":{"rendered":"<p>La temperatura m\u00e1xima para este viernes alcanzar\u00e1 los 35 grados cent\u00edgrados, mientras que la m\u00ednima se mantendr\u00e1 elevada: 22 grados cent\u00edgrados. El pron\u00f3stico de la Direcci\u00f3n de Contingencias Clim\u00e1ticas adelant\u00f3 que estar\u00e1 \u201ccaluroso con nubosidad variable y tormentas aisladas, vientos moderados del sudeste\u201d. Tambi\u00e9n habr\u00e1 \u201cprecipitaciones en cordillera\u201d. Alerta por tormentas El\u00a0Servicio Meteorol\u00f3gico Nacional\u00a0adelant\u00f3 que [&hellip;]<\/p>\n","protected":false},"author":2,"featured_media":11100,"comment_status":"open","ping_status":"open","sticky":false,"template":"","format":"standard","meta":[],"categories":[52],"tags":[],"_links":{"self":[{"href":"https:\/\/pasaenmendoza.com\/index.php?rest_route=\/wp\/v2\/posts\/11099"}],"collection":[{"href":"https:\/\/pasaenmendoza.com\/index.php?rest_route=\/wp\/v2\/posts"}],"about":[{"href":"https:\/\/pasaenmendoza.com\/index.php?rest_route=\/wp\/v2\/types\/post"}],"author":[{"embeddable":true,"href":"https:\/\/pasaenmendoza.com\/index.php?rest_route=\/wp\/v2\/users\/2"}],"replies":[{"embeddable":true,"href":"https:\/\/pasaenmendoza.com\/index.php?rest_route=%2Fwp%2Fv2%2Fcomments&post=11099"}],"version-history":[{"count":1,"href":"https:\/\/pasaenmendoza.com\/index.php?rest_route=\/wp\/v2\/posts\/11099\/revisions"}],"predecessor-version":[{"id":11101,"href":"https:\/\/pasaenmendoza.com\/index.php?rest_route=\/wp\/v2\/posts\/11099\/revisions\/11101"}],"wp:featuredmedia":[{"embeddable":true,"href":"https:\/\/pasaenmendoza.com\/index.php?rest_route=\/wp\/v2\/media\/11100"}],"wp:attachment":[{"href":"https:\/\/pasaenmendoza.com\/index.php?rest_route=%2Fwp%2Fv2%2Fmedia&parent=11099"}],"wp:term":[{"taxonomy":"category","embeddable":true,"href":"https:\/\/pasaenmendoza.com\/index.php?rest_route=%2Fwp%2Fv2%2Fcategories&post=11099"},{"taxonomy":"post_tag","embeddable":true,"href":"https:\/\/pasaenmendoza.com\/index.php?rest_route=%2Fwp%2Fv2%2Ftags&post=11099"}],"curies":[{"name":"wp","href":"https:\/\/api.w.org\/{rel}","templated":true}]}}