{"id":11105,"date":"2025-01-17T15:37:08","date_gmt":"2025-01-17T14:37:08","guid":{"rendered":"https:\/\/pasaenmendoza.com\/?p=11105"},"modified":"2025-01-17T15:37:09","modified_gmt":"2025-01-17T14:37:09","slug":"empresario-farmaceutico-mendocino-iba-a-confesar-un-abuso-a-su-nieto-pero-un-juez-rechazo-el-juicio-abreviado","status":"publish","type":"post","link":"https:\/\/pasaenmendoza.com\/?p=11105","title":{"rendered":"Empresario farmac\u00e9utico mendocino iba a confesar un abuso a su nieto, pero un juez rechaz\u00f3 el juicio abreviado"},"content":{"rendered":"\n<p>A un a\u00f1o y medio de ser detenido e imputado por un presunto\u00a0<strong>abuso sexual<\/strong>\u00a0a su nieto de 3 a\u00f1os, un\u00a0<strong>empresario\u00a0<\/strong>farmac\u00e9utico de Mendoza estuvo a punto de confesar el hecho para ser\u00a0condenado, sin embargo, un juez no homolog\u00f3 el<strong>\u00a0juicio abreviado<\/strong>\u00a0que hab\u00edan acordado las partes y orden\u00f3 que la investigaci\u00f3n siga hasta un debate convencional.\u00a0<\/p>\n\n\n\n<p>El acusado, hoy con 75 a\u00f1os y prisi\u00f3n domiciliaria, es el due\u00f1o de una conocida cadena de farmacias y perfumer\u00edas. Se reserva su identidad para proteger a la v\u00edctima del caso, ya que tienen el mismo apellido-es su abuelo paterno-y se trata de un menor de 8 a\u00f1os actualmente.\u00a0<\/p>\n\n\n\n<p>El hombre\u00a0se encuentra imputado\u00a0por un\u00a0<strong>abuso sexual\u00a0<\/strong>gravemente ultrajante agravado por el v\u00ednculo y por la guarda, delito con penas de 8 a 20 a\u00f1os de detenci\u00f3n. En este contexto\u00a0al sospechoso lo beneficiaba el arreglo\u00a0concretado por su defensa y la\u00a0fiscal Virginia Rumbo\u00a0para cerrar la causa, a partir de lo cual reconocer\u00eda los cargos\u00a0y recibir\u00eda una condena\u00a0de 3 a\u00f1os por<strong>\u00a0abuso simple.\u00a0<\/strong><\/p>\n\n\n\n<p>El pacto se present\u00f3 en una audiencia en el Polo Judicial la semana pasada\u00a0ante el juez Leonardo Camacho y la querellante oficial Jimena Villanueva. El magistrado se tom\u00f3 un cuarto intermedio para resolver, y este jueves\u00a0decidi\u00f3\u00a0rechazar el proceso abreviado, se\u00f1alando que lo m\u00e1s justo en esta\u00a0investigaci\u00f3n es que se defina en un<strong>\u00a0juicio\u00a0<\/strong>tradicional.\u00a0<\/p>\n\n\n\n<p>Antes de su resoluci\u00f3n, se hab\u00edan\u00a0expresado en contra tambi\u00e9n del acuerdo la madre del nene y la defensora de menores. De esta manera, el expediente\u00a0seguir\u00e1 su curso hasta la llegada del debate oral.\u00a0<\/p>\n\n\n\n<h2 class=\"wp-block-heading\">El comienzo&nbsp;<\/h2>\n\n\n\n<p>El caso arranc\u00f3 en 2020, cuando una joven denunci\u00f3 que su hijo hab\u00eda sido&nbsp;<strong>abusado<\/strong>&nbsp;por su abuelo, con la presunta complicidad del hijo del acusado, es decir, el padre del ni\u00f1o.&nbsp;<\/p>\n\n\n\n<p>Con el paso de los meses se fueron incorporando&nbsp;pruebas, aunque la captura del&nbsp;<strong>empresario<\/strong>&nbsp;fue reci\u00e9n en julio del 2023. Lo arrestaron en pleno centro de la Ciudad de Mendoza, en C\u00f3rdoba y San Mart\u00edn.&nbsp;<\/p>\n\n\n\n<p>Fue imputado por la fiscal, accediendo posteriormente al beneficio de la detenci\u00f3n domiciliaria.&nbsp;<\/p>\n\n\n\n<p>La madre del peque\u00f1o desde el inicio apunt\u00f3 tambi\u00e9n contra su expareja, el progenitor, pero en todos estos a\u00f1os los investigadores no tuvieron elementos para acusarlo por una supuesta participaci\u00f3n en el hecho.<\/p>\n\n\n\n<p>Aseguran adem\u00e1s\u00a0que este hombre recibi\u00f3 otra denuncia por un\u00a0<strong>abuso sexual\u00a0<\/strong>en perjuicio del hijo\u00a0de su pareja posterior, y en relaci\u00f3n a esto, tampoco fue imputado.\u00a0<\/p>\n\n\n\n<p><strong>Fuente: www.mdzol.com<\/strong><\/p>\n","protected":false},"excerpt":{"rendered":"<p>A un a\u00f1o y medio de ser detenido e imputado por un presunto\u00a0abuso sexual\u00a0a su nieto de 3 a\u00f1os, un\u00a0empresario\u00a0farmac\u00e9utico de Mendoza estuvo a punto de confesar el hecho para ser\u00a0condenado, sin embargo, un juez no homolog\u00f3 el\u00a0juicio abreviado\u00a0que hab\u00edan acordado las partes y orden\u00f3 que la investigaci\u00f3n siga hasta un debate convencional.\u00a0 El acusado, [&hellip;]<\/p>\n","protected":false},"author":2,"featured_media":11106,"comment_status":"open","ping_status":"open","sticky":false,"template":"","format":"standard","meta":[],"categories":[48],"tags":[],"_links":{"self":[{"href":"https:\/\/pasaenmendoza.com\/index.php?rest_route=\/wp\/v2\/posts\/11105"}],"collection":[{"href":"https:\/\/pasaenmendoza.com\/index.php?rest_route=\/wp\/v2\/posts"}],"about":[{"href":"https:\/\/pasaenmendoza.com\/index.php?rest_route=\/wp\/v2\/types\/post"}],"author":[{"embeddable":true,"href":"https:\/\/pasaenmendoza.com\/index.php?rest_route=\/wp\/v2\/users\/2"}],"replies":[{"embeddable":true,"href":"https:\/\/pasaenmendoza.com\/index.php?rest_route=%2Fwp%2Fv2%2Fcomments&post=11105"}],"version-history":[{"count":1,"href":"https:\/\/pasaenmendoza.com\/index.php?rest_route=\/wp\/v2\/posts\/11105\/revisions"}],"predecessor-version":[{"id":11107,"href":"https:\/\/pasaenmendoza.com\/index.php?rest_route=\/wp\/v2\/posts\/11105\/revisions\/11107"}],"wp:featuredmedia":[{"embeddable":true,"href":"https:\/\/pasaenmendoza.com\/index.php?rest_route=\/wp\/v2\/media\/11106"}],"wp:attachment":[{"href":"https:\/\/pasaenmendoza.com\/index.php?rest_route=%2Fwp%2Fv2%2Fmedia&parent=11105"}],"wp:term":[{"taxonomy":"category","embeddable":true,"href":"https:\/\/pasaenmendoza.com\/index.php?rest_route=%2Fwp%2Fv2%2Fcategories&post=11105"},{"taxonomy":"post_tag","embeddable":true,"href":"https:\/\/pasaenmendoza.com\/index.php?rest_route=%2Fwp%2Fv2%2Ftags&post=11105"}],"curies":[{"name":"wp","href":"https:\/\/api.w.org\/{rel}","templated":true}]}}