{"id":11108,"date":"2025-01-17T15:50:37","date_gmt":"2025-01-17T14:50:37","guid":{"rendered":"https:\/\/pasaenmendoza.com\/?p=11108"},"modified":"2025-01-17T15:50:38","modified_gmt":"2025-01-17T14:50:38","slug":"el-exministro-de-seguridad-de-mendoza-gianni-venier-denuncio-que-intentaron-robarle","status":"publish","type":"post","link":"https:\/\/pasaenmendoza.com\/?p=11108","title":{"rendered":"El exministro de Seguridad de Mendoza, Gianni Venier, denunci\u00f3 que intentaron robarle"},"content":{"rendered":"\n<p>El\u00a0<strong>exministro<\/strong>\u00a0de Seguridad de Mendoza\u00a0Gianni Venier,\u00a0expuso en las \u00faltimas horas un\u00a0<strong>intento de robo<\/strong>\u00a0que sufri\u00f3 frente a su vivienda. Delincuentes quisieron llevarse su veh\u00edculo y le destrozaron una ventanilla.\u00a0<\/p>\n\n\n\n<p>&#8220;Acaban de\u00a0<strong>intentar robarme<\/strong>\u00a0la camioneta frente a mi casa. Escuch\u00e9 cuando\u00a0rompen el vidrio y los veo meterse por la ventanilla. Les grit\u00e9 y corrieron&#8221;, expuso en su cuenta de X el exfuncionario este jueves por la tarde.\u00a0<\/p>\n\n\n\n<p>&#8220;Dos&nbsp;delincuentes j\u00f3venes, parecidos a los cuidacoches de calle Alberdi. Antes ac\u00e1 no ten\u00edamos ni cuidacoches ni delincuentes&#8221;, agreg\u00f3 el reconocido abogado&nbsp;en su posteo.&nbsp;<\/p>\n\n\n\n<p>R\u00e1pidamente su denuncia p\u00fablica deriv\u00f3 en varios comentarios de los usuarios. La publicaci\u00f3n est\u00e1 acompa\u00f1ada de un video sobre c\u00f3mo qued\u00f3 el rodado.\u00a0<\/p>\n\n\n\n<p>Venier fue ministro de Seguridad de la provincia entre 2015 y 2019, durante la primera gesti\u00f3n de Alfredo Cornejo como gobernador.\u00a0<\/p>\n\n\n\n<p><strong>Fuente: www.mdzol.com<\/strong><\/p>\n","protected":false},"excerpt":{"rendered":"<p>El\u00a0exministro\u00a0de Seguridad de Mendoza\u00a0Gianni Venier,\u00a0expuso en las \u00faltimas horas un\u00a0intento de robo\u00a0que sufri\u00f3 frente a su vivienda. Delincuentes quisieron llevarse su veh\u00edculo y le destrozaron una ventanilla.\u00a0 &#8220;Acaban de\u00a0intentar robarme\u00a0la camioneta frente a mi casa. Escuch\u00e9 cuando\u00a0rompen el vidrio y los veo meterse por la ventanilla. Les grit\u00e9 y corrieron&#8221;, expuso en su cuenta de [&hellip;]<\/p>\n","protected":false},"author":2,"featured_media":11109,"comment_status":"open","ping_status":"open","sticky":false,"template":"","format":"standard","meta":[],"categories":[48],"tags":[],"_links":{"self":[{"href":"https:\/\/pasaenmendoza.com\/index.php?rest_route=\/wp\/v2\/posts\/11108"}],"collection":[{"href":"https:\/\/pasaenmendoza.com\/index.php?rest_route=\/wp\/v2\/posts"}],"about":[{"href":"https:\/\/pasaenmendoza.com\/index.php?rest_route=\/wp\/v2\/types\/post"}],"author":[{"embeddable":true,"href":"https:\/\/pasaenmendoza.com\/index.php?rest_route=\/wp\/v2\/users\/2"}],"replies":[{"embeddable":true,"href":"https:\/\/pasaenmendoza.com\/index.php?rest_route=%2Fwp%2Fv2%2Fcomments&post=11108"}],"version-history":[{"count":1,"href":"https:\/\/pasaenmendoza.com\/index.php?rest_route=\/wp\/v2\/posts\/11108\/revisions"}],"predecessor-version":[{"id":11110,"href":"https:\/\/pasaenmendoza.com\/index.php?rest_route=\/wp\/v2\/posts\/11108\/revisions\/11110"}],"wp:featuredmedia":[{"embeddable":true,"href":"https:\/\/pasaenmendoza.com\/index.php?rest_route=\/wp\/v2\/media\/11109"}],"wp:attachment":[{"href":"https:\/\/pasaenmendoza.com\/index.php?rest_route=%2Fwp%2Fv2%2Fmedia&parent=11108"}],"wp:term":[{"taxonomy":"category","embeddable":true,"href":"https:\/\/pasaenmendoza.com\/index.php?rest_route=%2Fwp%2Fv2%2Fcategories&post=11108"},{"taxonomy":"post_tag","embeddable":true,"href":"https:\/\/pasaenmendoza.com\/index.php?rest_route=%2Fwp%2Fv2%2Ftags&post=11108"}],"curies":[{"name":"wp","href":"https:\/\/api.w.org\/{rel}","templated":true}]}}