{"id":11111,"date":"2025-01-17T22:48:09","date_gmt":"2025-01-17T21:48:09","guid":{"rendered":"https:\/\/pasaenmendoza.com\/?p=11111"},"modified":"2025-01-17T22:48:10","modified_gmt":"2025-01-17T21:48:10","slug":"ayuda-escolar-e-indumentaria-este-viernes-depositaron-la-primera-cuota-para-docentes-y-celadores","status":"publish","type":"post","link":"https:\/\/pasaenmendoza.com\/?p=11111","title":{"rendered":"Ayuda escolar e indumentaria: este viernes depositaron la primera cuota para docentes y celadores"},"content":{"rendered":"\n<p>El primer pago del \u00edtem de\u00a0<strong>ayuda de \u00fatiles escolares<\/strong>\u00a0para docentes e indumentaria para celadores fue depositado este viernes, inform\u00f3 la\u00a0Direcci\u00f3n General de Escuelas\u00a0<strong>(DGE).<\/strong><\/p>\n\n\n\n<p>Para&nbsp;<strong>docentes<\/strong>, se trata de&nbsp;<strong>240 mil pesos<\/strong>&nbsp;distribuidos en dos cuotas, tal como se acord\u00f3 con el SUTE y la Subsecretar\u00eda de Trabajo. Los docentes con un cargo recibieron este viernes 80 mil pesos, mientras que el mes que viene se les prev\u00e9 depositar los restantes 160 mil.<\/p>\n\n\n\n<p>Mientras tanto, para los celadores se determin\u00f3 el pago de\u00a0<strong>220 mil pesos<\/strong>\u00a0en concepto de indumentaria y vestimenta. Este viernes recibieron 70 mil quienes tienen un cargo.<\/p>\n\n\n\n<p>La primera cuota de esta&nbsp;<strong>Ayuda Escolar&nbsp;<\/strong>se acord\u00f3 pagarla este<strong>&nbsp;viernes 17<\/strong>&nbsp;y la segunda se realizar\u00e1 e<strong>l 18 de febrero, seg\u00fan el cronograma dispuesto por la Direcci\u00f3n General de Escuelas.<\/strong><\/p>\n\n\n\n<h2 class=\"wp-block-heading\"><strong>Ayuda Escolar para docentes y celadores<\/strong><\/h2>\n\n\n\n<p>Seg\u00fan datos del Gobierno de Mendoza, la<strong>&nbsp;Ayuda Escolar<\/strong>&nbsp;beneficia a&nbsp;<strong>43.913<\/strong>&nbsp;docentes, que van a percibir la ayuda de \u00fatiles escolares, y a&nbsp;<strong>9.186&nbsp;<\/strong>celadores, que recibir\u00e1n el aporte para indumentaria.<\/p>\n\n\n\n<p>La&nbsp;<strong>Direcci\u00f3n General de Escuelas (DGE)&nbsp;<\/strong>estableci\u00f3 para el lunes 24 de febrero de 2025 el inicio del ciclo lectivo para todos los niveles y modalidades, garantizando como m\u00ednimo los 190 d\u00edas de clases que se establecieron por resoluci\u00f3n del Consejo Federal de Educaci\u00f3n. Este calendario escolar es una herramienta de planeamiento y orientaci\u00f3n del trabajo anual que tiene por objetivo regular el buen funcionamiento de las escuelas que conforman el sistema educativo provincial.<\/p>\n\n\n\n<p>La apertura de las instituciones educativas se realizar\u00e1 el jueves\u00a0<strong>6 de febrero<\/strong>, cuando se presentar\u00e1n los equipos directivos de todos los niveles y modalidades, incluido el Nivel Superior. En esta misma fecha se desarrollar\u00e1n las jornadas institucionales destinadas a los supervisores. El<strong>\u00a0viernes 7<\/strong>\u00a0de febrero se presentar\u00e1n formalmente todos los directores en cada una de las escuelas y los docentes se presentar\u00e1n el lunes 10 de febrero, teniendo en cuenta que el lunes 10 y martes 11 de febrero se desarrollar\u00e1n las jornadas institucionales.<\/p>\n\n\n\n<p><strong>Fuente:www.diariouno.com.ar<\/strong><\/p>\n","protected":false},"excerpt":{"rendered":"<p>El primer pago del \u00edtem de\u00a0ayuda de \u00fatiles escolares\u00a0para docentes e indumentaria para celadores fue depositado este viernes, inform\u00f3 la\u00a0Direcci\u00f3n General de Escuelas\u00a0(DGE). Para&nbsp;docentes, se trata de&nbsp;240 mil pesos&nbsp;distribuidos en dos cuotas, tal como se acord\u00f3 con el SUTE y la Subsecretar\u00eda de Trabajo. Los docentes con un cargo recibieron este viernes 80 mil pesos, [&hellip;]<\/p>\n","protected":false},"author":2,"featured_media":11112,"comment_status":"open","ping_status":"open","sticky":false,"template":"","format":"standard","meta":[],"categories":[50],"tags":[],"_links":{"self":[{"href":"https:\/\/pasaenmendoza.com\/index.php?rest_route=\/wp\/v2\/posts\/11111"}],"collection":[{"href":"https:\/\/pasaenmendoza.com\/index.php?rest_route=\/wp\/v2\/posts"}],"about":[{"href":"https:\/\/pasaenmendoza.com\/index.php?rest_route=\/wp\/v2\/types\/post"}],"author":[{"embeddable":true,"href":"https:\/\/pasaenmendoza.com\/index.php?rest_route=\/wp\/v2\/users\/2"}],"replies":[{"embeddable":true,"href":"https:\/\/pasaenmendoza.com\/index.php?rest_route=%2Fwp%2Fv2%2Fcomments&post=11111"}],"version-history":[{"count":1,"href":"https:\/\/pasaenmendoza.com\/index.php?rest_route=\/wp\/v2\/posts\/11111\/revisions"}],"predecessor-version":[{"id":11113,"href":"https:\/\/pasaenmendoza.com\/index.php?rest_route=\/wp\/v2\/posts\/11111\/revisions\/11113"}],"wp:featuredmedia":[{"embeddable":true,"href":"https:\/\/pasaenmendoza.com\/index.php?rest_route=\/wp\/v2\/media\/11112"}],"wp:attachment":[{"href":"https:\/\/pasaenmendoza.com\/index.php?rest_route=%2Fwp%2Fv2%2Fmedia&parent=11111"}],"wp:term":[{"taxonomy":"category","embeddable":true,"href":"https:\/\/pasaenmendoza.com\/index.php?rest_route=%2Fwp%2Fv2%2Fcategories&post=11111"},{"taxonomy":"post_tag","embeddable":true,"href":"https:\/\/pasaenmendoza.com\/index.php?rest_route=%2Fwp%2Fv2%2Ftags&post=11111"}],"curies":[{"name":"wp","href":"https:\/\/api.w.org\/{rel}","templated":true}]}}