{"id":11114,"date":"2025-01-17T23:02:45","date_gmt":"2025-01-17T22:02:45","guid":{"rendered":"https:\/\/pasaenmendoza.com\/?p=11114"},"modified":"2025-01-17T23:02:46","modified_gmt":"2025-01-17T22:02:46","slug":"karina-milei-convoco-a-su-tropa-para-el-armado-electoral-de-la-libertad-avanza-en-mendoza","status":"publish","type":"post","link":"https:\/\/pasaenmendoza.com\/?p=11114","title":{"rendered":"Karina Milei convoc\u00f3 a su tropa para el armado electoral de La Libertad Avanza en Mendoza"},"content":{"rendered":"\n<p>El Jefe, como se la apoda a\u00a0<strong>Karina Milei<\/strong>, arranc\u00f3 el 2025 poni\u00e9ndose al hombro el armado de\u00a0<strong>La Libertad Avanza<\/strong>\u00a0en todo el pa\u00eds, sobretodo con el foco puesto en el a\u00f1o electoral. Este martes lider\u00f3 un acto en Mar del Plata y tiene previsto seguir la gira partidaria en Mendoza.<\/p>\n\n\n\n<p>Seg\u00fan lo que adelant\u00f3 el diputado nacional&nbsp;<strong>Facundo Correa Llano<\/strong>, quien adem\u00e1s es el presidente de La Libertad Avanza en Mendoza, la visita de la Secretaria de la presidencia est\u00e1 agendada para febrero, pero estar\u00e1 sujeta a la din\u00e1mica que tenga el per\u00edodo de sesiones extraordinarias del Congreso, que arranca el lunes 20 de enero y se extiende hasta el 21 de febrero.<\/p>\n\n\n\n<p>En el armado del acto tambi\u00e9n est\u00e1 previsto que llegue a estas tierras el presidente de la C\u00e1mara de Diputados,\u00a0<strong>Mart\u00edn Menem<\/strong>, uno de los dirigentes dedicados a fortalecer el m\u00fasculo pol\u00edtico del partido libertario.<\/p>\n\n\n\n<p>&#8220;La gira de&nbsp;<strong>Karina Milei&nbsp;<\/strong>comenz\u00f3 en Mar del Plata, por lo que s\u00e9 seguir\u00e1 en la Costa, ir\u00e1 a Tierra del Fuego, a C\u00f3rdoba y a Mendoza. La idea es reforzar la construcci\u00f3n del partido y el posicionamiento que necesitamos. Nosotros lo estamos haciendo en los departamentos y ella y Mart\u00edn vendr\u00edan a reforzar esa construcci\u00f3n&#8221;, confirm\u00f3 Correa Llano.<\/p>\n\n\n\n<p>Si bien el presidente Javier Milei y su hermana coquetearon con la idea de aliarse con sus socios del PRO, esa posibilidad entr\u00f3 en tensi\u00f3n en los \u00faltimos d\u00edas\u00a0y ya nadie osa hablar de la conformaci\u00f3n de frentes.<\/p>\n\n\n\n<p>Ser\u00e1 por eso que en la visita que&nbsp;<strong>Karina Milei<\/strong>&nbsp;tiene previsto hacer a Mendoza, no tiene agendada ninguna reuni\u00f3n con dirigentes de otros partidos en estas tierras, sino s\u00f3lo un acto partidario para insuflarle m\u00edstica a sus seguidores locales.<\/p>\n\n\n\n<h2 class=\"wp-block-heading\">Karina Milei llega para reforzar la construcci\u00f3n libertaria en Mendoza<\/h2>\n\n\n\n<p>Desde principios de noviembre del 2024, cuando el diputado nacional\u00a0<strong>Facundo Correa Llano<\/strong>\u00a0fue confirmado como presidente de La Libertad Avanza en Mendoza, se dedic\u00f3 no s\u00f3lo a sumar afiliados, sino a consolidar la conformaci\u00f3n partidaria hacia adentro de los partidos.<\/p>\n\n\n\n<p>Los libertarios ven\u00edan de perder parte de esos afiliados y algo de la credibilidad de algunos seguidores, luego de que la diputada&nbsp;<strong>Lourdes Arrieta<\/strong>&nbsp;cometiera varios errores a la hora de presentar las fichas de afiliaci\u00f3n, y m\u00e1s tarde abandonara el bloque libertario, tras la visita de varios diputados al dictador Alfredo Astiz, alojado en la c\u00e1rcel de Ezeiza.<\/p>\n\n\n\n<p>&#8220;La construcci\u00f3n viene consolid\u00e1ndose en los departamentos. Venimos de dos actos con mucha militancia en Guaymall\u00e9n y San Rafael, este viernes lo haremos en el Colegio Farmac\u00e9utico de Godoy Cruz y la semana que viene haremos otro en San Mart\u00edn&#8221;, puntualiz\u00f3 Correa Llano.<\/p>\n\n\n\n<h2 class=\"wp-block-heading\">Los libertarios alineados detr\u00e1s de Karina Milei, defienden eliminar las PASO<\/h2>\n\n\n\n<p>&#8220;Este mecanismo ha demostrado ser ineficiente y excesivamente costoso para los mendocinos.\u00a0En lugar de fomentar una competencia democr\u00e1tica genuina, las PASO se han convertido en una herramienta para financiar estructuras partidarias\u00a0con recursos p\u00fablicos y obligar a la ciudadan\u00eda a participar en procesos que, en muchos casos, ya est\u00e1n definidos de antemano&#8221;, cuestion\u00f3 Facundo Correa Llano, haciendo foco principalmente en el costo de esas elecciones primarias.<\/p>\n\n\n\n<p>E insisti\u00f3: &#8220;No tiene sentido que Mendoza cargue con el costo de&nbsp;<strong>elecciones internas<\/strong>&nbsp;que deber\u00edan ser resueltas por cada partido con sus propios recursos. Mantenerlas este a\u00f1o ser\u00eda un claro ejemplo de c\u00f3mo la pol\u00edtica prioriza sus propios intereses por encima de las necesidades reales de la gente&#8221;.<\/p>\n\n\n\n<p>Su compa\u00f1era de bloque,\u00a0<strong>Mercedes Llano<\/strong>\u00a0tambi\u00e9n record\u00f3 que ya intent\u00f3 eliminar las PASO en Mendoza, y le factur\u00f3 al radicalismo que &#8220;nunca lo trat\u00f3&#8221;. Entre las desventajas enumer\u00f3: &#8220;Elevad\u00edsimos costos, carencia de sentido cuando se presenta lista \u00fanica en el seno de cada agrupaci\u00f3n o alianza, agotamiento de la sociedad ante la seguidilla de elecciones -agravada en escenarios de desdoblamiento- y sesgo mayoritario a favor de las mayor\u00edas y en detrimento de las minor\u00edas&#8221;.<\/p>\n\n\n\n<p><strong>Fuente: www.diariouno.com.ar<\/strong><\/p>\n","protected":false},"excerpt":{"rendered":"<p>El Jefe, como se la apoda a\u00a0Karina Milei, arranc\u00f3 el 2025 poni\u00e9ndose al hombro el armado de\u00a0La Libertad Avanza\u00a0en todo el pa\u00eds, sobretodo con el foco puesto en el a\u00f1o electoral. Este martes lider\u00f3 un acto en Mar del Plata y tiene previsto seguir la gira partidaria en Mendoza. Seg\u00fan lo que adelant\u00f3 el diputado [&hellip;]<\/p>\n","protected":false},"author":2,"featured_media":11115,"comment_status":"open","ping_status":"open","sticky":false,"template":"","format":"standard","meta":[],"categories":[47],"tags":[],"_links":{"self":[{"href":"https:\/\/pasaenmendoza.com\/index.php?rest_route=\/wp\/v2\/posts\/11114"}],"collection":[{"href":"https:\/\/pasaenmendoza.com\/index.php?rest_route=\/wp\/v2\/posts"}],"about":[{"href":"https:\/\/pasaenmendoza.com\/index.php?rest_route=\/wp\/v2\/types\/post"}],"author":[{"embeddable":true,"href":"https:\/\/pasaenmendoza.com\/index.php?rest_route=\/wp\/v2\/users\/2"}],"replies":[{"embeddable":true,"href":"https:\/\/pasaenmendoza.com\/index.php?rest_route=%2Fwp%2Fv2%2Fcomments&post=11114"}],"version-history":[{"count":1,"href":"https:\/\/pasaenmendoza.com\/index.php?rest_route=\/wp\/v2\/posts\/11114\/revisions"}],"predecessor-version":[{"id":11116,"href":"https:\/\/pasaenmendoza.com\/index.php?rest_route=\/wp\/v2\/posts\/11114\/revisions\/11116"}],"wp:featuredmedia":[{"embeddable":true,"href":"https:\/\/pasaenmendoza.com\/index.php?rest_route=\/wp\/v2\/media\/11115"}],"wp:attachment":[{"href":"https:\/\/pasaenmendoza.com\/index.php?rest_route=%2Fwp%2Fv2%2Fmedia&parent=11114"}],"wp:term":[{"taxonomy":"category","embeddable":true,"href":"https:\/\/pasaenmendoza.com\/index.php?rest_route=%2Fwp%2Fv2%2Fcategories&post=11114"},{"taxonomy":"post_tag","embeddable":true,"href":"https:\/\/pasaenmendoza.com\/index.php?rest_route=%2Fwp%2Fv2%2Ftags&post=11114"}],"curies":[{"name":"wp","href":"https:\/\/api.w.org\/{rel}","templated":true}]}}