{"id":11117,"date":"2025-01-17T23:07:43","date_gmt":"2025-01-17T22:07:43","guid":{"rendered":"https:\/\/pasaenmendoza.com\/?p=11117"},"modified":"2025-01-17T23:07:43","modified_gmt":"2025-01-17T22:07:43","slug":"juan-cruz-yacopini-tras-igualar-su-mejor-rally-dakar-trate-de-dejar-la-bandera-en-lo-mas-alto","status":"publish","type":"post","link":"https:\/\/pasaenmendoza.com\/?p=11117","title":{"rendered":"Juan Cruz Yacopini tras igualar su mejor Rally Dakar: &#8220;trat\u00e9 de dejar la bandera en lo m\u00e1s alto&#8221;"},"content":{"rendered":"\n<p><strong>Juan Cruz Yacopini\u00a0<\/strong>fue 8vo en la \u00faltima etapa del\u00a0<strong>Rally Dakar 2025<\/strong>\u00a0y con el 7mo. puesto en la clasificaci\u00f3n general igual\u00f3 su mejor actuaci\u00f3n en la carrera m\u00e1s extrema del mundo.<\/p>\n\n\n\n<p><strong>El mendocino y \u00fanico argentino en autos<\/strong>\u00a0de la competencia realizada en Arabia Saudita hizo un balance en sus redes sociales y reflexion\u00f3: &#8220;Otro Dakar m\u00e1s!\u00a0<strong>Muy buena carrera, siendo inteligente<\/strong>. Cuando se pod\u00eda corr\u00edamos y en donde no, sab\u00edamos que ten\u00edamos que hacer&#8221;.<\/p>\n\n\n\n<p>&#8220;Quedamos 7 en la general y lo defendimos muy bien.&nbsp;<strong>3 podios de etapa<\/strong>, lo que me pone m\u00e1s que feliz con el alto ritmo que se est\u00e1 andando&#8221;, asumi\u00f3 el piloto de 25 a\u00f1os tras repetir la actuaci\u00f3n del 2023 y lograr su&nbsp;<strong>segundo top 10 en 5 participaciones<\/strong>&nbsp;en el Rally Dakar, esta vez con el Puma Energy Rally Team.<\/p>\n\n\n\n<p>&#8220;Tengo<strong>&nbsp;solo palabras de agradecimiento<\/strong>&nbsp;a mis mec\u00e1nicos, ingenieros, copiloto. A mi pap\u00e1 que est\u00e1 ac\u00e1 con mi t\u00edo Antonio y a toda la gran gran familia que tengo en Mendoza, que apoya como loco&#8221;, dijo Juan Cruz que estuvo acompa\u00f1ado por el espa\u00f1ol Daniel Oliveras por tercer a\u00f1o consecutivo.<\/p>\n\n\n\n<p><strong>&#8220;Fui el \u00fanico argentino corriendo en la categor\u00eda, y trat\u00e9 de dejar la bandera lo m\u00e1s alto\u2026. Estoy feliz! Muchas gracias por el apoyo constante&#8221;.<\/strong><\/p>\n\n\n\n<h2 class=\"wp-block-heading\">Juan Cruz Yacopini y su historial en el Rally Dakar<\/h2>\n\n\n\n<ul>\n<li>2025: Autos\/7\u00ba en Ultimate (navegado por Dani Oliveras Carreras)<\/li>\n\n\n\n<li>2024: Autos\/ 18\u00ba en Ultimate (navegado por Dani Oliveras Carreras)<\/li>\n\n\n\n<li>2023: Autos\/ 7\u00ba (navegado por Dani Oliveras Carreras)<\/li>\n\n\n\n<li>2022: Autos\/ 20\u00ba (navegado por Alejandro Yacopini)<\/li>\n\n\n\n<li>2021: Autos\/ Abandono en la E3. Finaliz\u00f3 en Dakar Experience (navegado por su padre Alejandro Yacopini)<\/li>\n<\/ul>\n\n\n\n<h2 class=\"wp-block-heading\">Los mendocinos en el Rally Dakar 2025<\/h2>\n\n\n\n<p>La legi\u00f3n mendocina en el Rally Dakar 2025 se complet\u00f3 con\u00a0<strong>Bernardo Graue y Bruno Jacomy<\/strong>, quienes como navegantes acompa\u00f1aron respectivamente a Manuel And\u00fajar en SSV y a Khalifa Al Attiyah en Challenger.<\/p>\n\n\n\n<p>And\u00fajar y Graue, quien complet\u00f3 su 14to Rally Dakar, fueron 3ros en la etapa de este viernes y quedaron en el&nbsp;<strong>puesto 28 de la general,<\/strong>&nbsp;mientras que Jacomy y el hermano de Nasser Al Attiyah se ubicaron&nbsp;<strong>8vos. en el \u00faltimo parcial y 12 en la carrera.<\/strong><\/p>\n\n\n\n<h2 class=\"wp-block-heading\">Los ganadores del Rally Dakar 2025<\/h2>\n\n\n\n<ul>\n<li>Autos: Yazzed Al Rajhi (Arabia Saudita) &#8211; Timmo Gottschalk (Alemania)<\/li>\n\n\n\n<li>Motos: Danel Sanders (Australia)<\/li>\n\n\n\n<li>Challenger: Nicol\u00e1s Cavigliasso &#8211; Agustina Pertegarini (Argentina)<\/li>\n\n\n\n<li>SSV: Brock Heger &#8211; Max Eddy (Estados Unidos)<\/li>\n\n\n\n<li>Camiones: Martin Macick &#8211; Frantisek Tomasek &#8211; David Svanda (Rep\u00fablica Checa)<\/li>\n\n\n\n<li>Rally 2: Edgar Canet (Espa\u00f1a)<\/li>\n\n\n\n<li>Original: Emanuel Gyenes (Rumania)<\/li>\n\n\n\n<li>Classic: Carlos Santaolalla &#8211; Jan Rosa (Espa\u00f1a)<\/li>\n\n\n\n<li>Dakar Future: Jordi Juvanteny &#8211; Jos\u00e9 Luis Criado &#8211; Xavier Ribas (Espa\u00f1a)<\/li>\n<\/ul>\n\n\n\n<p><strong>Fuente: www.diariouno.com.ar<\/strong><\/p>\n","protected":false},"excerpt":{"rendered":"<p>Juan Cruz Yacopini\u00a0fue 8vo en la \u00faltima etapa del\u00a0Rally Dakar 2025\u00a0y con el 7mo. puesto en la clasificaci\u00f3n general igual\u00f3 su mejor actuaci\u00f3n en la carrera m\u00e1s extrema del mundo. El mendocino y \u00fanico argentino en autos\u00a0de la competencia realizada en Arabia Saudita hizo un balance en sus redes sociales y reflexion\u00f3: &#8220;Otro Dakar m\u00e1s!\u00a0Muy [&hellip;]<\/p>\n","protected":false},"author":2,"featured_media":11118,"comment_status":"open","ping_status":"open","sticky":false,"template":"","format":"standard","meta":[],"categories":[81],"tags":[],"_links":{"self":[{"href":"https:\/\/pasaenmendoza.com\/index.php?rest_route=\/wp\/v2\/posts\/11117"}],"collection":[{"href":"https:\/\/pasaenmendoza.com\/index.php?rest_route=\/wp\/v2\/posts"}],"about":[{"href":"https:\/\/pasaenmendoza.com\/index.php?rest_route=\/wp\/v2\/types\/post"}],"author":[{"embeddable":true,"href":"https:\/\/pasaenmendoza.com\/index.php?rest_route=\/wp\/v2\/users\/2"}],"replies":[{"embeddable":true,"href":"https:\/\/pasaenmendoza.com\/index.php?rest_route=%2Fwp%2Fv2%2Fcomments&post=11117"}],"version-history":[{"count":1,"href":"https:\/\/pasaenmendoza.com\/index.php?rest_route=\/wp\/v2\/posts\/11117\/revisions"}],"predecessor-version":[{"id":11119,"href":"https:\/\/pasaenmendoza.com\/index.php?rest_route=\/wp\/v2\/posts\/11117\/revisions\/11119"}],"wp:featuredmedia":[{"embeddable":true,"href":"https:\/\/pasaenmendoza.com\/index.php?rest_route=\/wp\/v2\/media\/11118"}],"wp:attachment":[{"href":"https:\/\/pasaenmendoza.com\/index.php?rest_route=%2Fwp%2Fv2%2Fmedia&parent=11117"}],"wp:term":[{"taxonomy":"category","embeddable":true,"href":"https:\/\/pasaenmendoza.com\/index.php?rest_route=%2Fwp%2Fv2%2Fcategories&post=11117"},{"taxonomy":"post_tag","embeddable":true,"href":"https:\/\/pasaenmendoza.com\/index.php?rest_route=%2Fwp%2Fv2%2Ftags&post=11117"}],"curies":[{"name":"wp","href":"https:\/\/api.w.org\/{rel}","templated":true}]}}