{"id":11120,"date":"2025-01-17T23:34:02","date_gmt":"2025-01-17T22:34:02","guid":{"rendered":"https:\/\/pasaenmendoza.com\/?p=11120"},"modified":"2025-01-17T23:34:03","modified_gmt":"2025-01-17T22:34:03","slug":"tarjeta-de-debito-en-dolares-comerciantes-locales-plantearon-sus-dudas","status":"publish","type":"post","link":"https:\/\/pasaenmendoza.com\/?p=11120","title":{"rendered":"Tarjeta de d\u00e9bito en d\u00f3lares: comerciantes locales plantearon sus dudas"},"content":{"rendered":"\n<p>El\u00a0<strong>Banco Central<\/strong>\u00a0de la Rep\u00fablica puso primera con la idea del cobro de consumos en\u00a0<strong>d\u00f3lares<\/strong>\u00a0con\u00a0<strong>tarjeta de d\u00e9bito<\/strong>. Pero entre\u00a0<strong>comercios<\/strong>\u00a0de Mendoza hay m\u00e1s dudas que certezas, sobre todo en cuanto a precios, cotizaci\u00f3n y m\u00e1s.<\/p>\n\n\n\n<p>Para Adri\u00e1n Al\u00edn, de la C\u00e1mara de Empresas Comerciales, Industria, Turismo y Servicios (Cecitys) &#8220;si es para estimular el consumo es bueno. Apunta a&nbsp;<strong>d\u00f3lares&nbsp;<\/strong>sacados del colch\u00f3n con el blanqueo, que hoy se van a<strong>&nbsp;Chile o Brasil<\/strong>&#8220;.<\/p>\n\n\n\n<p>La instrumentaci\u00f3n de la medida del Banco Central a favor de la &#8220;canasta de monedas&#8221; divide aguas entre comercios los que creen que\u00a0el pago con tarjeta de d\u00e9bito en d\u00f3lares\u00a0apalancar\u00e1 las ventas. Y los que se aferran a la soberan\u00eda monetaria como plantean los libertarios.<\/p>\n\n\n\n<p>Por lo pronto, la Cecitys hizo una ronda de consultas entre algunos de sus asociados para recoger opiniones al respecto.<\/p>\n\n\n\n<p>&#8220;Puede atraer m\u00e1s al turismo. Pero lo cierto es que uno ve la realidad de los pa\u00edses lim\u00edtrofes y no reciben pagos en d\u00f3lares. Defienden su moneda&#8221;, reflexion\u00f3 un comerciante sobre la &#8220;libre elecci\u00f3n&#8221; que propicia el gobierno nacional.<\/p>\n\n\n\n<h2 class=\"wp-block-heading\">Punto 1: exhibici\u00f3n (y cotizaci\u00f3n) de precios en d\u00f3lares<\/h2>\n\n\n\n<p>Por ahora se sabe que es de&nbsp;<strong>adhesi\u00f3n voluntaria<\/strong>&nbsp;por parte de los comercios. No son pocos los que, m\u00e1s all\u00e1 del costo tecnol\u00f3gico de adaptar las terminales de cobro y el software necesario piden m\u00e1s informaci\u00f3n y precisiones.<\/p>\n\n\n\n<p>Moment\u00e1neamente, el requerimiento oficial plantea la&nbsp;<strong>obligatoriedad de exhibir precios en pesos y en d\u00f3lares<\/strong>.<\/p>\n\n\n\n<p>Al respecto, Al\u00edn advirti\u00f3 necesario que la autoridad, con Defensa del Consumidor a la cabeza, sea &#8220;flexible&#8221; en un principio con la exigencia si se quiere que el cobro en d\u00f3lares con tarjeta de d\u00e9bito se vuelva masivo.<\/p>\n\n\n\n<p>&#8220;Antes era imposible mantener los precios exhibidos al p\u00fablico en \u00e9pocas de alta inflaci\u00f3n que son propias del pa\u00eds. Ahora habr\u00e1 que darle tiempo&#8221;, consign\u00f3.<\/p>\n\n\n\n<p>Otra duda entre los comercios: \u00bfa qu\u00e9 cotizaci\u00f3n deber\u00e1 tomarse el pago en moneda extranjera?<\/p>\n\n\n\n<p>Si bien la referencia del gobierno es el&nbsp;<strong>d\u00f3lar oficial<\/strong>, en la pr\u00e1ctica muchos apelan a un promedio. Los memoriosos recordaron la crisis del 2001 cuando el fin del 1 a 1 dispar\u00f3 la especulaci\u00f3n.<\/p>\n\n\n\n<h2 class=\"wp-block-heading\">Punto 2: impuestos y comisiones \u00bfen d\u00f3lares?<\/h2>\n\n\n\n<p>Para el titular de la Cecitys &#8220;en aquel momento muchos especulaban con ganar por precio del producto y tambi\u00e9n con el tipo de cambio. Hoy deber\u00eda aclararse el valor del d\u00f3lar. Adem\u00e1s, la normativa dice<strong>&nbsp;sin recargo<\/strong>, pero hay que ver c\u00f3mo se manejar\u00e1n los bancos y las tarjetas con el<strong>&nbsp;cobro de intereses<\/strong>&#8220;.<\/p>\n\n\n\n<p>A prop\u00f3sito de precios, los comercios asumieron diferencias en la forma de mostrar precios, sean en pesos o d\u00f3lares.<\/p>\n\n\n\n<p>Es que, por un lado, de acuerdo a lo dispuesto por el Banco Central los valores&nbsp;<strong>en pesos<\/strong>&nbsp;deber\u00e1n dar importe final, es decir,&nbsp;<strong>IVA incluido<\/strong>. En tanto, los&nbsp;<strong>precios en d\u00f3lares ser\u00e1n m\u00e1s IVA.<\/strong><\/p>\n\n\n\n<p>Aqu\u00ed surge otra duda no menor, teniendo en cuenta la carga tributaria sobre las ventas: \u00bfel c\u00e1lculo de la al\u00edcuota de los impuestos deber\u00e1 hacerse en d\u00f3lares o pesific\u00e1ndolos?.<\/p>\n\n\n\n<p>Por otra parte, se abre la puerta a otro tema complejo: el&nbsp;<strong>cobro de comisiones<\/strong>&nbsp;por uso de tarjetas. Y el tiempo en que les lleva a los comerciantes hacerse del dinero, 15 d\u00edas en el mejor de los casos.<\/p>\n\n\n\n<p>&#8220;Eso puede incrementar el costo de la transacci\u00f3n, seg\u00fan sea la comisi\u00f3n a pagar y los plazos de liquidaci\u00f3n&#8221;, se\u00f1al\u00f3 Al\u00edn.<\/p>\n\n\n\n<h2 class=\"wp-block-heading\">Punto 3: el costo tecnol\u00f3gico de adaptar el sistema<\/h2>\n\n\n\n<p>Con todo, corre el plazo hasta el 28 de febrero para que los comercios puedan adaptar sus sistemas, para empezar la terminal de pago com\u00fanmente conocida como Posnet.<\/p>\n\n\n\n<p>Ese plazo, de acuerdo a lo dispuesto por el organismo monetario, incluye a las operaciones en d\u00f3lares a trav\u00e9s del Debin (D\u00e9bito Inmediato en cuenta) recurrente o programado.<\/p>\n\n\n\n<p>De acuerdo a lo comunicado por el BCRA permite a titulares de cuentas pagar las compras de bienes o servicios en cuotas fijas en pesos o en&nbsp;<strong>d\u00f3lares<\/strong>&nbsp;con una \u00fanica autorizaci\u00f3n.<\/p>\n\n\n\n<p>En Cecitys no se preocupan tanto por el cambio, que la tecnolog\u00eda puede resolver r\u00e1pido, sino por su costo. Porque, saben, se necesitar\u00e1&nbsp;<strong>otro sofware<\/strong>&nbsp;que permita administrar la nueva opci\u00f3n de pago o ampliar el men\u00fa actual.<\/p>\n\n\n\n<p>Lo cierto es que tambi\u00e9n podr\u00e1n sumar compras en\u00a0<strong>d\u00f3lares<\/strong>\u00a0v\u00eda escaneo de c\u00f3digo\u00a0<strong>QR<\/strong>\u00a0interoperable. Aunque para eso tendr\u00e1n al menos dos meses por delante.<\/p>\n\n\n\n<p><strong>Fuente: www.diariouno.com.ar<\/strong><\/p>\n","protected":false},"excerpt":{"rendered":"<p>El\u00a0Banco Central\u00a0de la Rep\u00fablica puso primera con la idea del cobro de consumos en\u00a0d\u00f3lares\u00a0con\u00a0tarjeta de d\u00e9bito. Pero entre\u00a0comercios\u00a0de Mendoza hay m\u00e1s dudas que certezas, sobre todo en cuanto a precios, cotizaci\u00f3n y m\u00e1s. Para Adri\u00e1n Al\u00edn, de la C\u00e1mara de Empresas Comerciales, Industria, Turismo y Servicios (Cecitys) &#8220;si es para estimular el consumo es bueno. [&hellip;]<\/p>\n","protected":false},"author":2,"featured_media":11121,"comment_status":"open","ping_status":"open","sticky":false,"template":"","format":"standard","meta":[],"categories":[112],"tags":[],"_links":{"self":[{"href":"https:\/\/pasaenmendoza.com\/index.php?rest_route=\/wp\/v2\/posts\/11120"}],"collection":[{"href":"https:\/\/pasaenmendoza.com\/index.php?rest_route=\/wp\/v2\/posts"}],"about":[{"href":"https:\/\/pasaenmendoza.com\/index.php?rest_route=\/wp\/v2\/types\/post"}],"author":[{"embeddable":true,"href":"https:\/\/pasaenmendoza.com\/index.php?rest_route=\/wp\/v2\/users\/2"}],"replies":[{"embeddable":true,"href":"https:\/\/pasaenmendoza.com\/index.php?rest_route=%2Fwp%2Fv2%2Fcomments&post=11120"}],"version-history":[{"count":1,"href":"https:\/\/pasaenmendoza.com\/index.php?rest_route=\/wp\/v2\/posts\/11120\/revisions"}],"predecessor-version":[{"id":11122,"href":"https:\/\/pasaenmendoza.com\/index.php?rest_route=\/wp\/v2\/posts\/11120\/revisions\/11122"}],"wp:featuredmedia":[{"embeddable":true,"href":"https:\/\/pasaenmendoza.com\/index.php?rest_route=\/wp\/v2\/media\/11121"}],"wp:attachment":[{"href":"https:\/\/pasaenmendoza.com\/index.php?rest_route=%2Fwp%2Fv2%2Fmedia&parent=11120"}],"wp:term":[{"taxonomy":"category","embeddable":true,"href":"https:\/\/pasaenmendoza.com\/index.php?rest_route=%2Fwp%2Fv2%2Fcategories&post=11120"},{"taxonomy":"post_tag","embeddable":true,"href":"https:\/\/pasaenmendoza.com\/index.php?rest_route=%2Fwp%2Fv2%2Ftags&post=11120"}],"curies":[{"name":"wp","href":"https:\/\/api.w.org\/{rel}","templated":true}]}}