{"id":11124,"date":"2025-01-20T13:53:06","date_gmt":"2025-01-20T12:53:06","guid":{"rendered":"https:\/\/pasaenmendoza.com\/?p=11124"},"modified":"2025-01-20T13:53:07","modified_gmt":"2025-01-20T12:53:07","slug":"el-tiempo-en-mendoza-con-un-lunes-caluroso-empieza-otra-semana-sofocante","status":"publish","type":"post","link":"https:\/\/pasaenmendoza.com\/?p=11124","title":{"rendered":"El tiempo en Mendoza: con un lunes caluroso, empieza otra semana sofocante"},"content":{"rendered":"\n<p>La&nbsp;<strong>temperatura m\u00e1xima para este lunes ser\u00e1 de 34 grados cent\u00edgrados, mientras que la m\u00ednima alcanzar\u00e1 los 20 grados cent\u00edgrados.<\/strong><\/p>\n\n\n\n<p>El pron\u00f3stico de la&nbsp;<strong>Direcci\u00f3n de Contingencias Clim\u00e1ticas&nbsp;<\/strong>adelant\u00f3 que estar\u00e1 \u201c<em>caluroso con poca nubosidad, vientos moderados del noreste<\/em>\u201c.<\/p>\n\n\n\n<p>Tambi\u00e9n hay un adelanto sobre posibles \u201c<em><strong>tormentas<\/strong>\u00a0hacia la noche en el sur provincial<\/em>\u201c.<\/p>\n\n\n\n<p>Por si fuera poco, se espera \u201c<em><strong>Zonda en Malarg\u00fce<\/strong><\/em>\u201c.<\/p>\n\n\n\n<p><strong>Para los que circulen por el paso a Chile<\/strong>, ya se en direcci\u00f3n al Pac\u00edfico o de regreso a Mendoza: \u201c<em>Buen tiempo en cordillera<\/em>\u201c.<\/p>\n\n\n\n<p>Ser\u00e1 el inicio de\u00a0<strong>una semana donde la ola de calor no mermar\u00e1<\/strong>, ya que encontrar\u00e1 temperaturas m\u00e1ximas entre los 33 y los 35 grados cent\u00edgrados, pero tambi\u00e9n con m\u00ednimas elevadas, que oscilar\u00e1n entre los 21 y los 22 grados.<\/p>\n\n\n\n<p><strong>Fuente: www.elsol.com.ar<\/strong><\/p>\n","protected":false},"excerpt":{"rendered":"<p>La&nbsp;temperatura m\u00e1xima para este lunes ser\u00e1 de 34 grados cent\u00edgrados, mientras que la m\u00ednima alcanzar\u00e1 los 20 grados cent\u00edgrados. El pron\u00f3stico de la&nbsp;Direcci\u00f3n de Contingencias Clim\u00e1ticas&nbsp;adelant\u00f3 que estar\u00e1 \u201ccaluroso con poca nubosidad, vientos moderados del noreste\u201c. Tambi\u00e9n hay un adelanto sobre posibles \u201ctormentas\u00a0hacia la noche en el sur provincial\u201c. Por si fuera poco, se espera [&hellip;]<\/p>\n","protected":false},"author":2,"featured_media":11125,"comment_status":"open","ping_status":"open","sticky":false,"template":"","format":"standard","meta":[],"categories":[52],"tags":[],"_links":{"self":[{"href":"https:\/\/pasaenmendoza.com\/index.php?rest_route=\/wp\/v2\/posts\/11124"}],"collection":[{"href":"https:\/\/pasaenmendoza.com\/index.php?rest_route=\/wp\/v2\/posts"}],"about":[{"href":"https:\/\/pasaenmendoza.com\/index.php?rest_route=\/wp\/v2\/types\/post"}],"author":[{"embeddable":true,"href":"https:\/\/pasaenmendoza.com\/index.php?rest_route=\/wp\/v2\/users\/2"}],"replies":[{"embeddable":true,"href":"https:\/\/pasaenmendoza.com\/index.php?rest_route=%2Fwp%2Fv2%2Fcomments&post=11124"}],"version-history":[{"count":1,"href":"https:\/\/pasaenmendoza.com\/index.php?rest_route=\/wp\/v2\/posts\/11124\/revisions"}],"predecessor-version":[{"id":11126,"href":"https:\/\/pasaenmendoza.com\/index.php?rest_route=\/wp\/v2\/posts\/11124\/revisions\/11126"}],"wp:featuredmedia":[{"embeddable":true,"href":"https:\/\/pasaenmendoza.com\/index.php?rest_route=\/wp\/v2\/media\/11125"}],"wp:attachment":[{"href":"https:\/\/pasaenmendoza.com\/index.php?rest_route=%2Fwp%2Fv2%2Fmedia&parent=11124"}],"wp:term":[{"taxonomy":"category","embeddable":true,"href":"https:\/\/pasaenmendoza.com\/index.php?rest_route=%2Fwp%2Fv2%2Fcategories&post=11124"},{"taxonomy":"post_tag","embeddable":true,"href":"https:\/\/pasaenmendoza.com\/index.php?rest_route=%2Fwp%2Fv2%2Ftags&post=11124"}],"curies":[{"name":"wp","href":"https:\/\/api.w.org\/{rel}","templated":true}]}}