{"id":11127,"date":"2025-01-20T13:59:34","date_gmt":"2025-01-20T12:59:34","guid":{"rendered":"https:\/\/pasaenmendoza.com\/?p=11127"},"modified":"2025-01-20T13:59:35","modified_gmt":"2025-01-20T12:59:35","slug":"godoy-cruz-un-joven-motociclista-murio-en-un-tragico-choque","status":"publish","type":"post","link":"https:\/\/pasaenmendoza.com\/?p=11127","title":{"rendered":"Godoy Cruz: un joven motociclista muri\u00f3 en un tr\u00e1gico choque"},"content":{"rendered":"\n<p>Cerca de las 20 de este domingo un joven de 18 a\u00f1os muri\u00f3 en un&nbsp;<strong>fatal accidente&nbsp;<\/strong>registrado en calle Chiquisaca y Arturo Illia del departamento de&nbsp;<strong>Godoy Cruz.<\/strong><\/p>\n\n\n\n<p>La v\u00edctima fatal fue identificada como Benjam\u00edn Antianro Sosa, que iba circulando en su&nbsp;<strong>moto&nbsp;<\/strong>cuando choc\u00f3 contra un veh\u00edculo que era manejado por un hombre de 63 a\u00f1os.<\/p>\n\n\n\n<p>Ambos transitaban en la misma direcci\u00f3n (por calle Illia hacia el norte) y cuando llegaron a Salvador Civit, el\u00a0<strong>motociclista\u00a0<\/strong>habr\u00eda realizado una maniobra donde termin\u00f3 colisionando con el auto en el sector izquierdo, detr\u00e1s del conductor seg\u00fan marcaron fuentes policiales. Luego del impacto, el joven qued\u00f3 tendido sobre la calle.<\/p>\n\n\n\n<p>M\u00e9dicos del Servicio Coordinado de Emergencias asistieron al\u00a0<strong>motociclista\u00a0<\/strong>que ten\u00eda fracturas en distintas partes del cuerpo, por lo que fue trasladado al\u00a0<strong>Lagomaggiore<\/strong>. Horas m\u00e1s tarde, cerca de las 5 de la madrugada, el hombre muri\u00f3.<\/p>\n\n\n\n<p><strong>Fuente: www.elsol.com.ar<\/strong><\/p>\n","protected":false},"excerpt":{"rendered":"<p>Cerca de las 20 de este domingo un joven de 18 a\u00f1os muri\u00f3 en un&nbsp;fatal accidente&nbsp;registrado en calle Chiquisaca y Arturo Illia del departamento de&nbsp;Godoy Cruz. La v\u00edctima fatal fue identificada como Benjam\u00edn Antianro Sosa, que iba circulando en su&nbsp;moto&nbsp;cuando choc\u00f3 contra un veh\u00edculo que era manejado por un hombre de 63 a\u00f1os. Ambos transitaban [&hellip;]<\/p>\n","protected":false},"author":2,"featured_media":11128,"comment_status":"open","ping_status":"open","sticky":false,"template":"","format":"standard","meta":[],"categories":[48],"tags":[],"_links":{"self":[{"href":"https:\/\/pasaenmendoza.com\/index.php?rest_route=\/wp\/v2\/posts\/11127"}],"collection":[{"href":"https:\/\/pasaenmendoza.com\/index.php?rest_route=\/wp\/v2\/posts"}],"about":[{"href":"https:\/\/pasaenmendoza.com\/index.php?rest_route=\/wp\/v2\/types\/post"}],"author":[{"embeddable":true,"href":"https:\/\/pasaenmendoza.com\/index.php?rest_route=\/wp\/v2\/users\/2"}],"replies":[{"embeddable":true,"href":"https:\/\/pasaenmendoza.com\/index.php?rest_route=%2Fwp%2Fv2%2Fcomments&post=11127"}],"version-history":[{"count":1,"href":"https:\/\/pasaenmendoza.com\/index.php?rest_route=\/wp\/v2\/posts\/11127\/revisions"}],"predecessor-version":[{"id":11129,"href":"https:\/\/pasaenmendoza.com\/index.php?rest_route=\/wp\/v2\/posts\/11127\/revisions\/11129"}],"wp:featuredmedia":[{"embeddable":true,"href":"https:\/\/pasaenmendoza.com\/index.php?rest_route=\/wp\/v2\/media\/11128"}],"wp:attachment":[{"href":"https:\/\/pasaenmendoza.com\/index.php?rest_route=%2Fwp%2Fv2%2Fmedia&parent=11127"}],"wp:term":[{"taxonomy":"category","embeddable":true,"href":"https:\/\/pasaenmendoza.com\/index.php?rest_route=%2Fwp%2Fv2%2Fcategories&post=11127"},{"taxonomy":"post_tag","embeddable":true,"href":"https:\/\/pasaenmendoza.com\/index.php?rest_route=%2Fwp%2Fv2%2Ftags&post=11127"}],"curies":[{"name":"wp","href":"https:\/\/api.w.org\/{rel}","templated":true}]}}