{"id":11130,"date":"2025-01-20T14:05:18","date_gmt":"2025-01-20T13:05:18","guid":{"rendered":"https:\/\/pasaenmendoza.com\/?p=11130"},"modified":"2025-01-20T14:05:19","modified_gmt":"2025-01-20T13:05:19","slug":"un-joven-de-18-anos-murio-en-godoy-cruz-tras-colisionar-con-un-auto-al-realizar-una-maniobra-con-su-moto","status":"publish","type":"post","link":"https:\/\/pasaenmendoza.com\/?p=11130","title":{"rendered":"Un joven de 18 a\u00f1os muri\u00f3 en Godoy Cruz tras colisionar con un auto al realizar una maniobra con su moto"},"content":{"rendered":"\n<p>Un<strong>\u00a0incidente vial<\/strong>\u00a0se cobr\u00f3 la vida de un joven de 18 a\u00f1os en\u00a0<strong>Godoy Cruz<\/strong>\u00a0luego de que colisionara con su moto con un autom\u00f3vil. La\u00a0<strong>v\u00edctima fatal\u00a0<\/strong>fue identificada como\u00a0Mat\u00edas Benjam\u00edn Nicol\u00e1s Antianro\u00a0Sosa.<\/p>\n\n\n\n<p>El hecho cerca de las 19.40 ocurri\u00f3 en Chuquisaca, cuando se produjo un choque entre un autom\u00f3vil Chevrolet Prisma y una moto Zanella RX150.\u00a0<\/p>\n\n\n\n<p>Ambos veh\u00edculos&nbsp;circulaban en la misma direcci\u00f3n, con sentido de norte a sur, por calle Illia, hasta que&nbsp;al llegar a Salvador Civit&nbsp;el&nbsp;<strong>motociclista&nbsp;<\/strong>realiz\u00f3 una maniobra por la que&nbsp;termin\u00f3 colisionando al auto en el sector izquierdo y qued\u00f3 tendido sobre la carpeta asf\u00e1ltica.<\/p>\n\n\n\n<p>M\u00e9dicos del SEC (Servicio de Emergencias Coordinado)\u00a0asistieron al\u00a0<strong>motociclista<\/strong>, que hab\u00eda sufrido<strong>\u00a0<\/strong>fracturas y fue trasladado al Hospital Lagomaggiore, donde falleci\u00f3 a las 4:55. En el caso interviene\u00a0la Oficina Fiscal de Jurisdicci\u00f3n.<\/p>\n\n\n\n<p><strong>Fuente: www.mdzol.com<\/strong><\/p>\n","protected":false},"excerpt":{"rendered":"<p>Un\u00a0incidente vial\u00a0se cobr\u00f3 la vida de un joven de 18 a\u00f1os en\u00a0Godoy Cruz\u00a0luego de que colisionara con su moto con un autom\u00f3vil. La\u00a0v\u00edctima fatal\u00a0fue identificada como\u00a0Mat\u00edas Benjam\u00edn Nicol\u00e1s Antianro\u00a0Sosa. El hecho cerca de las 19.40 ocurri\u00f3 en Chuquisaca, cuando se produjo un choque entre un autom\u00f3vil Chevrolet Prisma y una moto Zanella RX150.\u00a0 Ambos veh\u00edculos&nbsp;circulaban [&hellip;]<\/p>\n","protected":false},"author":2,"featured_media":11131,"comment_status":"open","ping_status":"open","sticky":false,"template":"","format":"standard","meta":[],"categories":[48],"tags":[],"_links":{"self":[{"href":"https:\/\/pasaenmendoza.com\/index.php?rest_route=\/wp\/v2\/posts\/11130"}],"collection":[{"href":"https:\/\/pasaenmendoza.com\/index.php?rest_route=\/wp\/v2\/posts"}],"about":[{"href":"https:\/\/pasaenmendoza.com\/index.php?rest_route=\/wp\/v2\/types\/post"}],"author":[{"embeddable":true,"href":"https:\/\/pasaenmendoza.com\/index.php?rest_route=\/wp\/v2\/users\/2"}],"replies":[{"embeddable":true,"href":"https:\/\/pasaenmendoza.com\/index.php?rest_route=%2Fwp%2Fv2%2Fcomments&post=11130"}],"version-history":[{"count":1,"href":"https:\/\/pasaenmendoza.com\/index.php?rest_route=\/wp\/v2\/posts\/11130\/revisions"}],"predecessor-version":[{"id":11132,"href":"https:\/\/pasaenmendoza.com\/index.php?rest_route=\/wp\/v2\/posts\/11130\/revisions\/11132"}],"wp:featuredmedia":[{"embeddable":true,"href":"https:\/\/pasaenmendoza.com\/index.php?rest_route=\/wp\/v2\/media\/11131"}],"wp:attachment":[{"href":"https:\/\/pasaenmendoza.com\/index.php?rest_route=%2Fwp%2Fv2%2Fmedia&parent=11130"}],"wp:term":[{"taxonomy":"category","embeddable":true,"href":"https:\/\/pasaenmendoza.com\/index.php?rest_route=%2Fwp%2Fv2%2Fcategories&post=11130"},{"taxonomy":"post_tag","embeddable":true,"href":"https:\/\/pasaenmendoza.com\/index.php?rest_route=%2Fwp%2Fv2%2Ftags&post=11130"}],"curies":[{"name":"wp","href":"https:\/\/api.w.org\/{rel}","templated":true}]}}