{"id":11133,"date":"2025-01-20T16:47:13","date_gmt":"2025-01-20T15:47:13","guid":{"rendered":"https:\/\/pasaenmendoza.com\/?p=11133"},"modified":"2025-01-20T16:47:14","modified_gmt":"2025-01-20T15:47:14","slug":"una-pareja-mendocina-que-volvia-de-chile-volco-en-san-juan","status":"publish","type":"post","link":"https:\/\/pasaenmendoza.com\/?p=11133","title":{"rendered":"Una pareja mendocina que volv\u00eda de Chile volc\u00f3 en San Juan"},"content":{"rendered":"\n<p>Este domingo, una pareja oriunda de Mendoza fue protagonista de un grave accidente en el camino de El Colorado, en el departamento de Iglesia en&nbsp;<strong>San Juan<\/strong>. Ven\u00edan de cruzar desde&nbsp;<strong>Chile<\/strong>.<\/p>\n\n\n\n<p>El incidente ocurri\u00f3 cuando la conductora de una camioneta&nbsp;<strong>Toyota Hilux<\/strong>&nbsp;perdi\u00f3 el control de la misma y termin\u00f3 volcando. Seg\u00fan indicaron fuentes del Ministerio de Seguridad de San Juan, el veh\u00edculo descend\u00eda por la serpenteante ruta y ambos ocupantes del rodado&nbsp;<strong>est\u00e1n fuera de peligro.<\/strong><\/p>\n\n\n\n<p>La camioneta se desestabiliz\u00f3 mientras recorr\u00eda el complejo trazado del camino, que tiene curvas cerradas y pendientes pronunciadas.<\/p>\n\n\n\n<p>La mujer que manejaba la camioneta fue identificada como&nbsp;<strong>Clasina Van Ditmar<\/strong>&nbsp;y tiene 62 a\u00f1os de edad.<\/p>\n\n\n\n<p>Tanto ella como su pareja fueron atendidos por m\u00e9dicos en el lugar del hecho, aunque no presentaron heridas que pusieran en peligro sus vidas, m\u00e1s all\u00e1 del shock por el impacto.<\/p>\n\n\n\n<p><em>Con informaci\u00f3n de diario 13 de San Juan.<\/em><\/p>\n\n\n\n<p><strong>Fuente: www.elsol.com<\/strong><\/p>\n","protected":false},"excerpt":{"rendered":"<p>Este domingo, una pareja oriunda de Mendoza fue protagonista de un grave accidente en el camino de El Colorado, en el departamento de Iglesia en&nbsp;San Juan. Ven\u00edan de cruzar desde&nbsp;Chile. El incidente ocurri\u00f3 cuando la conductora de una camioneta&nbsp;Toyota Hilux&nbsp;perdi\u00f3 el control de la misma y termin\u00f3 volcando. Seg\u00fan indicaron fuentes del Ministerio de Seguridad [&hellip;]<\/p>\n","protected":false},"author":2,"featured_media":11134,"comment_status":"open","ping_status":"open","sticky":false,"template":"","format":"standard","meta":[],"categories":[48],"tags":[],"_links":{"self":[{"href":"https:\/\/pasaenmendoza.com\/index.php?rest_route=\/wp\/v2\/posts\/11133"}],"collection":[{"href":"https:\/\/pasaenmendoza.com\/index.php?rest_route=\/wp\/v2\/posts"}],"about":[{"href":"https:\/\/pasaenmendoza.com\/index.php?rest_route=\/wp\/v2\/types\/post"}],"author":[{"embeddable":true,"href":"https:\/\/pasaenmendoza.com\/index.php?rest_route=\/wp\/v2\/users\/2"}],"replies":[{"embeddable":true,"href":"https:\/\/pasaenmendoza.com\/index.php?rest_route=%2Fwp%2Fv2%2Fcomments&post=11133"}],"version-history":[{"count":1,"href":"https:\/\/pasaenmendoza.com\/index.php?rest_route=\/wp\/v2\/posts\/11133\/revisions"}],"predecessor-version":[{"id":11135,"href":"https:\/\/pasaenmendoza.com\/index.php?rest_route=\/wp\/v2\/posts\/11133\/revisions\/11135"}],"wp:featuredmedia":[{"embeddable":true,"href":"https:\/\/pasaenmendoza.com\/index.php?rest_route=\/wp\/v2\/media\/11134"}],"wp:attachment":[{"href":"https:\/\/pasaenmendoza.com\/index.php?rest_route=%2Fwp%2Fv2%2Fmedia&parent=11133"}],"wp:term":[{"taxonomy":"category","embeddable":true,"href":"https:\/\/pasaenmendoza.com\/index.php?rest_route=%2Fwp%2Fv2%2Fcategories&post=11133"},{"taxonomy":"post_tag","embeddable":true,"href":"https:\/\/pasaenmendoza.com\/index.php?rest_route=%2Fwp%2Fv2%2Ftags&post=11133"}],"curies":[{"name":"wp","href":"https:\/\/api.w.org\/{rel}","templated":true}]}}