{"id":11136,"date":"2025-01-20T22:44:59","date_gmt":"2025-01-20T21:44:59","guid":{"rendered":"https:\/\/pasaenmendoza.com\/?p=11136"},"modified":"2025-01-20T22:45:00","modified_gmt":"2025-01-20T21:45:00","slug":"junin-20-anos-de-vendimia-con-musica-en-vivo-y-mas-de-40-mil-asistentes","status":"publish","type":"post","link":"https:\/\/pasaenmendoza.com\/?p=11136","title":{"rendered":"Jun\u00edn: 20 a\u00f1os de Vendimia con m\u00fasica en vivo y m\u00e1s de 40 mil asistentes"},"content":{"rendered":"\n<p>En el Parque Recreativo Due\u00f1o del Sol, el departamento de Jun\u00edn celebr\u00f3 una noche inolvidable con &#8220;Ecos de Vendimia, m\u00e1s all\u00e1 de lo visible&#8221;, un evento que marc\u00f3\u00a0<strong>20 a\u00f1os consecutivos de Vendimia con m\u00fasica en vivo bajo la direcci\u00f3n de Pedro Marabini<\/strong>\u00a0, quien transform\u00f3 esta tradici\u00f3n en un espect\u00e1culo que revolucion\u00f3 la forma de vivir la fiesta vintage. Esta propuesta, que integra m\u00fasica, danza y una imponente puesta en escena, se ha convertido en un referente cultural en la regi\u00f3n, dejando una huella imborrable en cada edici\u00f3n.<\/p>\n\n\n\n<p>El espect\u00e1culo tuvo como protagonista a Mar\u00eda Camila S\u00e1ez, representante de Orfila, quien fue coronada como\u00a0<strong>la nueva reina departamental de Jun\u00edn<\/strong>\u00a0. Adem\u00e1s, Milagros Julieta Escudero, de Philips, fue elegida virreina, y Abril Luc\u00eda Gonz\u00e1lez, de Algarrobo Grande, se convirti\u00f3 en la\u00a0<strong>reina del Encuentro de las Naciones 2025<\/strong>\u00a0.<\/p>\n\n\n\n<p>Con la presencia de m\u00e1s de\u00a0<strong>40 mil personas<\/strong>\u00a0, &#8220;Ecos de Vendimia&#8221; ofreci\u00f3 una experiencia \u00fanica, destacando por la incorporaci\u00f3n de m\u00fasica en vivo como sello distintivo desde hace dos d\u00e9cadas. Dirigido por Pedro Marabini y Omar Escales, el encuentro con un elenco de bailarines, actores y m\u00fasicos que cautivaron al p\u00fablico con una propuesta art\u00edstica innovadora.<\/p>\n\n\n\n<p>Paralelamente, el Encuentro de las Naciones complement\u00f3 la celebraci\u00f3n con\u00a0<strong>danzas, m\u00fasica, sabores y tradiciones de m\u00e1s de 20 colectividades internacionales<\/strong>\u00a0. Desde el 16 hasta el 19 de enero, el evento incluy\u00f3 m\u00e1s de 200 stands gastron\u00f3micos, 120 puestos de artesanos y sectores dedicados a la pasteler\u00eda, food trucks, bodegas y productos regionales, brindando una oferta multicultural que deleit\u00f3 a los presentes.<\/p>\n\n\n\n<p>Sobre el escenario, las colectividades representaron a pa\u00edses y regiones como Colombia, Turqu\u00eda, Alemania, Italia, M\u00e9xico, India, Espa\u00f1a, Grecia, Tailandia, entre otros, con trajes t\u00edpicos, danzas y propuestas gastron\u00f3micas que reflejaron la diversidad cultural del encuentro.<\/p>\n\n\n\n<p>El evento tambi\u00e9n cont\u00f3 con la destacada participaci\u00f3n de artistas como\u00a0<strong>Q&#8217;Lokura, La Banda de Carlitos, Eugenia Quevedo y \u00c1ngela Leiva<\/strong>\u00a0, quienes animaron las primeras noches del encuentro. En el cierre,\u00a0<strong>Soledad<\/strong>\u00a0emocion\u00f3 al p\u00fablico con sus grandes \u00e9xitos, y\u00a0<strong>Rombai<\/strong>\u00a0se puso a bailar ante miles de asistentes, culminando la celebraci\u00f3n con una energ\u00eda festiva que marc\u00f3 el final de una edici\u00f3n memorable.<\/p>\n\n\n\n<p>De esta manera, Jun\u00edn celebr\u00f3\u00a0<strong>dos d\u00e9cadas de innovaci\u00f3n en la Vendimia<\/strong>\u00a0, consolid\u00e1ndola como una experiencia \u00fanica que combina tradici\u00f3n, cultura y modernidad. Miles de familias disfrutaron de este evento que, una vez m\u00e1s, Reuni\u00f3n lo mejor de la m\u00fasica, el baile, la gastronom\u00eda y las tradiciones en un clima de fiesta y uni\u00f3n.<\/p>\n\n\n\n<p><strong>Fuente: www.diariomendoza.com.ar<\/strong><\/p>\n","protected":false},"excerpt":{"rendered":"<p>En el Parque Recreativo Due\u00f1o del Sol, el departamento de Jun\u00edn celebr\u00f3 una noche inolvidable con &#8220;Ecos de Vendimia, m\u00e1s all\u00e1 de lo visible&#8221;, un evento que marc\u00f3\u00a020 a\u00f1os consecutivos de Vendimia con m\u00fasica en vivo bajo la direcci\u00f3n de Pedro Marabini\u00a0, quien transform\u00f3 esta tradici\u00f3n en un espect\u00e1culo que revolucion\u00f3 la forma de vivir [&hellip;]<\/p>\n","protected":false},"author":2,"featured_media":11137,"comment_status":"open","ping_status":"open","sticky":false,"template":"","format":"standard","meta":[],"categories":[50],"tags":[],"_links":{"self":[{"href":"https:\/\/pasaenmendoza.com\/index.php?rest_route=\/wp\/v2\/posts\/11136"}],"collection":[{"href":"https:\/\/pasaenmendoza.com\/index.php?rest_route=\/wp\/v2\/posts"}],"about":[{"href":"https:\/\/pasaenmendoza.com\/index.php?rest_route=\/wp\/v2\/types\/post"}],"author":[{"embeddable":true,"href":"https:\/\/pasaenmendoza.com\/index.php?rest_route=\/wp\/v2\/users\/2"}],"replies":[{"embeddable":true,"href":"https:\/\/pasaenmendoza.com\/index.php?rest_route=%2Fwp%2Fv2%2Fcomments&post=11136"}],"version-history":[{"count":1,"href":"https:\/\/pasaenmendoza.com\/index.php?rest_route=\/wp\/v2\/posts\/11136\/revisions"}],"predecessor-version":[{"id":11138,"href":"https:\/\/pasaenmendoza.com\/index.php?rest_route=\/wp\/v2\/posts\/11136\/revisions\/11138"}],"wp:featuredmedia":[{"embeddable":true,"href":"https:\/\/pasaenmendoza.com\/index.php?rest_route=\/wp\/v2\/media\/11137"}],"wp:attachment":[{"href":"https:\/\/pasaenmendoza.com\/index.php?rest_route=%2Fwp%2Fv2%2Fmedia&parent=11136"}],"wp:term":[{"taxonomy":"category","embeddable":true,"href":"https:\/\/pasaenmendoza.com\/index.php?rest_route=%2Fwp%2Fv2%2Fcategories&post=11136"},{"taxonomy":"post_tag","embeddable":true,"href":"https:\/\/pasaenmendoza.com\/index.php?rest_route=%2Fwp%2Fv2%2Ftags&post=11136"}],"curies":[{"name":"wp","href":"https:\/\/api.w.org\/{rel}","templated":true}]}}