{"id":1114,"date":"2023-09-01T12:07:07","date_gmt":"2023-09-01T10:07:07","guid":{"rendered":"https:\/\/pasaenmendoza.com\/?p=1114"},"modified":"2023-09-01T12:07:08","modified_gmt":"2023-09-01T10:07:08","slug":"stevanato-dejo-la-puerta-abierta-a-una-alianza-con-de-marchi","status":"publish","type":"post","link":"https:\/\/pasaenmendoza.com\/?p=1114","title":{"rendered":"Stevanato dej\u00f3 la puerta abierta a una alianza con De Marchi"},"content":{"rendered":"\n<p>Dijo que habr\u00e1 una reuni\u00f3n con otros dirigentes peronistas el lunes, un d\u00eda despu\u00e9s de las elecciones municipales desdobladas.<\/p>\n\n\n\n<p>El intendente de Maip\u00fa,\u00a0<strong>Mat\u00edas Stevanato<\/strong>, se mostr\u00f3 confiado de cara a las elecciones municipales de este domingo, que se llevar\u00e1n a cabo en siete departamentos. Adem\u00e1s,\u00a0<strong>dej\u00f3 la puerta abierta a una alianza con Omar De Marchi<\/strong>\u00a0a partir del lunes.<\/p>\n\n\n\n<p>En una entrevista con\u00a0<em>&#8220;Te digo lo que pienso&#8221;, por radio Nihuil<\/em>, el intendente Stevanato dio se\u00f1ales contundentes sobre su futuro. Dijo que para la elecci\u00f3n a presidente votar\u00e1 a Sergio Massa (son amigos), y\u00a0<strong>al ser consultado sobre a qui\u00e9n votar\u00e1 a gobernador, evit\u00f3 responder<\/strong>.<\/p>\n\n\n\n<p>De hecho, hacia el final de la entrevista, le preguntaron directamente a Stevanato si en las elecciones del 24 de septiembre iba a votar al candidato del peronismo,&nbsp;<strong>Omar Parisi,<\/strong>&nbsp;y tambi\u00e9n eludi\u00f3 la respuesta, justific\u00e1ndose en estar concentrado 100% en los comicios municipales.<\/p>\n\n\n\n<p>Hasta el momento,\u00a0<strong>Stevanato es el \u00fanico intendente peronista que no comparti\u00f3 ninguna actividad con la dupla Parisi-Ilardo<\/strong>; incluso el ahora demarchista Roberto Righi tuvo alg\u00fan encuentro con los candidatos a la gobernaci\u00f3n del PJ.<\/p>\n\n\n\n<p>FUENTE: Memo.com.ar<\/p>\n","protected":false},"excerpt":{"rendered":"<p>Dijo que habr\u00e1 una reuni\u00f3n con otros dirigentes peronistas el lunes, un d\u00eda despu\u00e9s de las elecciones municipales desdobladas. El intendente de Maip\u00fa,\u00a0Mat\u00edas Stevanato, se mostr\u00f3 confiado de cara a las elecciones municipales de este domingo, que se llevar\u00e1n a cabo en siete departamentos. Adem\u00e1s,\u00a0dej\u00f3 la puerta abierta a una alianza con Omar De Marchi\u00a0a [&hellip;]<\/p>\n","protected":false},"author":2,"featured_media":1115,"comment_status":"open","ping_status":"open","sticky":true,"template":"","format":"standard","meta":[],"categories":[47],"tags":[],"_links":{"self":[{"href":"https:\/\/pasaenmendoza.com\/index.php?rest_route=\/wp\/v2\/posts\/1114"}],"collection":[{"href":"https:\/\/pasaenmendoza.com\/index.php?rest_route=\/wp\/v2\/posts"}],"about":[{"href":"https:\/\/pasaenmendoza.com\/index.php?rest_route=\/wp\/v2\/types\/post"}],"author":[{"embeddable":true,"href":"https:\/\/pasaenmendoza.com\/index.php?rest_route=\/wp\/v2\/users\/2"}],"replies":[{"embeddable":true,"href":"https:\/\/pasaenmendoza.com\/index.php?rest_route=%2Fwp%2Fv2%2Fcomments&post=1114"}],"version-history":[{"count":1,"href":"https:\/\/pasaenmendoza.com\/index.php?rest_route=\/wp\/v2\/posts\/1114\/revisions"}],"predecessor-version":[{"id":1116,"href":"https:\/\/pasaenmendoza.com\/index.php?rest_route=\/wp\/v2\/posts\/1114\/revisions\/1116"}],"wp:featuredmedia":[{"embeddable":true,"href":"https:\/\/pasaenmendoza.com\/index.php?rest_route=\/wp\/v2\/media\/1115"}],"wp:attachment":[{"href":"https:\/\/pasaenmendoza.com\/index.php?rest_route=%2Fwp%2Fv2%2Fmedia&parent=1114"}],"wp:term":[{"taxonomy":"category","embeddable":true,"href":"https:\/\/pasaenmendoza.com\/index.php?rest_route=%2Fwp%2Fv2%2Fcategories&post=1114"},{"taxonomy":"post_tag","embeddable":true,"href":"https:\/\/pasaenmendoza.com\/index.php?rest_route=%2Fwp%2Fv2%2Ftags&post=1114"}],"curies":[{"name":"wp","href":"https:\/\/api.w.org\/{rel}","templated":true}]}}