{"id":11142,"date":"2025-01-20T22:53:04","date_gmt":"2025-01-20T21:53:04","guid":{"rendered":"https:\/\/pasaenmendoza.com\/?p=11142"},"modified":"2025-01-20T22:53:05","modified_gmt":"2025-01-20T21:53:05","slug":"victoria-herrera-y-camila-saez-fueron-elegidas-reinas-de-lavalle-y-junin-para-la-vendimia-2025","status":"publish","type":"post","link":"https:\/\/pasaenmendoza.com\/?p=11142","title":{"rendered":"Victoria Herrera y Camila S\u00e1ez fueron elegidas reinas de Lavalle y Jun\u00edn para la Vendimia 2025"},"content":{"rendered":"\n<p>Este domingo dos departamentos de Mendoza coronaron a sus reinas para representarlos en la Fiesta Nacional de la\u00a0<strong>Vendimia 2025<\/strong>. En el Este,\u00a0<strong>Jun\u00edn\u00a0<\/strong>eligi\u00f3 a Mar\u00eda Camila S\u00e1ez, mientras que en el Norte la joven Victoria Herrera representar\u00e1 a\u00a0<strong>Lavalle<\/strong>.<\/p>\n\n\n\n<p>La\u00a0tormenta del s\u00e1bado\u00a0oblig\u00f3 a ambos departamentos a reprogramar sus elecciones de\u00a0<strong>reinas<\/strong>, que terminaron concret\u00e1ndose la noche del domingo en otro cap\u00edtulo del calendario de la\u00a0<strong>Vendimia 2025<\/strong>.<\/p>\n\n\n\n<p>En\u00a0<strong>Jun\u00edn<\/strong>, y ante una multitud que se reuni\u00f3 en el Parque Recreativo Due\u00f1o del Sol, se celebr\u00f3 &#8220;Ecos de Vendimia, m\u00e1s all\u00e1 de lo visible&#8221;, espect\u00e1culo vendimial dirigido por Pedro Marabini y Omar Escales, dupla art\u00edstica que lleva a\u00f1os montando las vendimias de este departamento del Este mendocino.<\/p>\n\n\n\n<p><strong>Lavalle<\/strong>, en tanto, volvi\u00f3 a contar con la direcci\u00f3n de Franco Ag\u00fcero para su Acto Central de la\u00a0<strong>Vendimia 2025<\/strong>, al que este a\u00f1o llam\u00f3 &#8220;Vendimia de un vino joven&#8221; y que se desarroll\u00f3 en el predio verde del Polideportivo Municipal.<\/p>\n\n\n\n<h2 class=\"wp-block-heading\">Lavalle coron\u00f3 a Victoria Herrera como reina de la Vendimia 2025<\/h2>\n\n\n\n<p>A trav\u00e9s del voto popular, Victoria Herrera Damonte se consagr\u00f3 la nueva&nbsp;<strong>reina&nbsp;<\/strong>de la&nbsp;<strong>Vendimia&nbsp;<\/strong>de&nbsp;<strong>Lavalle<\/strong>, y Ayel\u00e9n Siliprandi su virreina, tras la fiesta &#8220;<strong>Vendimia&nbsp;<\/strong>del vino joven&#8221;, que se vivi\u00f3 al aire libre este domingo y ante miles de familias lavallinas.<\/p>\n\n\n\n<p>Este departamento del Norte mendocino lleva 55 a\u00f1os sin tener una&nbsp;<strong>reina&nbsp;<\/strong>nacional, y Victoria buscar\u00e1 cortar la racha para el s\u00e1bado 8 de marzo traer a&nbsp;<strong>Lavalle&nbsp;<\/strong>la corona deseada. La soberana represent\u00f3 al distrito de Jocol\u00ed Viejo, tiene 25 a\u00f1os y es ge\u00f3grafa.<\/p>\n\n\n\n<p>El espect\u00e1culo de Franco Ag\u00fcero cont\u00f3 con la participaci\u00f3n actoral de Guillermo Troncoso y se propuso valorar el papel de las nuevas generaciones en la identidad de un pueblo orgulloso por sus tradiciones y su evoluci\u00f3n en el mundo vitivin\u00edcola, motivo de celebraci\u00f3n de las vendimias en\u00a0<strong>Mendoza<\/strong>.<\/p>\n\n\n\n<h2 class=\"wp-block-heading\">Camila S\u00e1ez, la esperanza de Jun\u00edn en la Vendimia 2025<\/h2>\n\n\n\n<p>&#8220;Disfrutar y llevar a&nbsp;<strong>Jun\u00edn&nbsp;<\/strong>a lo m\u00e1s alto&#8221; fueron los deseos de Mar\u00eda Camila S\u00e1ez, quien represent\u00f3 a la localidad de Orfila y el s\u00e1bado 8 de marzo ir\u00e1 al teatro griego Frank Romero Day en busca de la corona nacional para devolver el reinado a&nbsp;<strong>Jun\u00edn&nbsp;<\/strong>tras una d\u00e9cada sin ganar.<\/p>\n\n\n\n<p>Camila tiene 20 a\u00f1os y cursa 3\u00b0 a\u00f1o del Profesorado de Biolog\u00eda. Tras el canto de los votos, la elecci\u00f3n de\u00a0<strong>reinas\u00a0<\/strong>se complet\u00f3 con Milagros Julieta Escudero, de Philips, como virreina departamental, y Abril Luc\u00eda Gonz\u00e1lez, de Algarrobo Grande, obtuvo los atributos de reina del Encuentro de las Naciones 2025.<\/p>\n\n\n\n<p>La Vendimia de\u00a0<strong>Jun\u00edn\u00a0<\/strong>fue presenciada por unas 40.000 personas, seg\u00fan inform\u00f3 a trav\u00e9s de sus redes el municipio comandado por Mario Abed.<\/p>\n\n\n\n<p>El cierre de la celebraci\u00f3n de la\u00a0<strong>Vendimia 2025<\/strong>\u00a0de\u00a0<strong>Jun\u00edn\u00a0<\/strong>se dio con un recital de la siempre convocante folclorista Soledad.<\/p>\n\n\n\n<p><strong>Fuente: www.diariouno.com.ar<\/strong><\/p>\n","protected":false},"excerpt":{"rendered":"<p>Este domingo dos departamentos de Mendoza coronaron a sus reinas para representarlos en la Fiesta Nacional de la\u00a0Vendimia 2025. En el Este,\u00a0Jun\u00edn\u00a0eligi\u00f3 a Mar\u00eda Camila S\u00e1ez, mientras que en el Norte la joven Victoria Herrera representar\u00e1 a\u00a0Lavalle. La\u00a0tormenta del s\u00e1bado\u00a0oblig\u00f3 a ambos departamentos a reprogramar sus elecciones de\u00a0reinas, que terminaron concret\u00e1ndose la noche del domingo [&hellip;]<\/p>\n","protected":false},"author":2,"featured_media":11143,"comment_status":"open","ping_status":"open","sticky":false,"template":"","format":"standard","meta":[],"categories":[74],"tags":[],"_links":{"self":[{"href":"https:\/\/pasaenmendoza.com\/index.php?rest_route=\/wp\/v2\/posts\/11142"}],"collection":[{"href":"https:\/\/pasaenmendoza.com\/index.php?rest_route=\/wp\/v2\/posts"}],"about":[{"href":"https:\/\/pasaenmendoza.com\/index.php?rest_route=\/wp\/v2\/types\/post"}],"author":[{"embeddable":true,"href":"https:\/\/pasaenmendoza.com\/index.php?rest_route=\/wp\/v2\/users\/2"}],"replies":[{"embeddable":true,"href":"https:\/\/pasaenmendoza.com\/index.php?rest_route=%2Fwp%2Fv2%2Fcomments&post=11142"}],"version-history":[{"count":1,"href":"https:\/\/pasaenmendoza.com\/index.php?rest_route=\/wp\/v2\/posts\/11142\/revisions"}],"predecessor-version":[{"id":11144,"href":"https:\/\/pasaenmendoza.com\/index.php?rest_route=\/wp\/v2\/posts\/11142\/revisions\/11144"}],"wp:featuredmedia":[{"embeddable":true,"href":"https:\/\/pasaenmendoza.com\/index.php?rest_route=\/wp\/v2\/media\/11143"}],"wp:attachment":[{"href":"https:\/\/pasaenmendoza.com\/index.php?rest_route=%2Fwp%2Fv2%2Fmedia&parent=11142"}],"wp:term":[{"taxonomy":"category","embeddable":true,"href":"https:\/\/pasaenmendoza.com\/index.php?rest_route=%2Fwp%2Fv2%2Fcategories&post=11142"},{"taxonomy":"post_tag","embeddable":true,"href":"https:\/\/pasaenmendoza.com\/index.php?rest_route=%2Fwp%2Fv2%2Ftags&post=11142"}],"curies":[{"name":"wp","href":"https:\/\/api.w.org\/{rel}","templated":true}]}}