{"id":11149,"date":"2025-01-21T13:55:51","date_gmt":"2025-01-21T12:55:51","guid":{"rendered":"https:\/\/pasaenmendoza.com\/?p=11149"},"modified":"2025-01-21T13:55:53","modified_gmt":"2025-01-21T12:55:53","slug":"martes-caluroso-en-mendoza-y-con-alerta-por-altas-temperaturas","status":"publish","type":"post","link":"https:\/\/pasaenmendoza.com\/?p=11149","title":{"rendered":"Martes caluroso en Mendoza y con alerta por altas temperaturas"},"content":{"rendered":"\n<p>Para este martes se aguarda una jornada calurosa para la provincia de Mendoza. Seg\u00fan indic\u00f3 el&nbsp;<strong>Servicio Meteorol\u00f3gico Nacional<\/strong>&nbsp;rige un alerta amarillo para la zona Sur por temperaturas extremas.<\/p>\n\n\n\n<p>En el&nbsp;<strong>Gran Mendoza<\/strong>&nbsp;se registrar\u00e1 un martes con nubosidad variable e inestable hacia la noche.<\/p>\n\n\n\n<p>La m\u00ednima ser\u00e1 de 18\u00b0C y la m\u00e1xima ser\u00e1 de 34\u00b0C.<\/p>\n\n\n\n<p>El alerta del\u00a0<strong>SMN\u00a0<\/strong>abarca a la zona baja de General Alvear, seg\u00fan mostr\u00f3 el organismo nacional.<\/p>\n\n\n\n<p><strong>Fuente: www.elsol.com.ar<\/strong><\/p>\n","protected":false},"excerpt":{"rendered":"<p>Para este martes se aguarda una jornada calurosa para la provincia de Mendoza. Seg\u00fan indic\u00f3 el&nbsp;Servicio Meteorol\u00f3gico Nacional&nbsp;rige un alerta amarillo para la zona Sur por temperaturas extremas. En el&nbsp;Gran Mendoza&nbsp;se registrar\u00e1 un martes con nubosidad variable e inestable hacia la noche. La m\u00ednima ser\u00e1 de 18\u00b0C y la m\u00e1xima ser\u00e1 de 34\u00b0C. El alerta [&hellip;]<\/p>\n","protected":false},"author":2,"featured_media":11150,"comment_status":"open","ping_status":"open","sticky":false,"template":"","format":"standard","meta":[],"categories":[52],"tags":[],"_links":{"self":[{"href":"https:\/\/pasaenmendoza.com\/index.php?rest_route=\/wp\/v2\/posts\/11149"}],"collection":[{"href":"https:\/\/pasaenmendoza.com\/index.php?rest_route=\/wp\/v2\/posts"}],"about":[{"href":"https:\/\/pasaenmendoza.com\/index.php?rest_route=\/wp\/v2\/types\/post"}],"author":[{"embeddable":true,"href":"https:\/\/pasaenmendoza.com\/index.php?rest_route=\/wp\/v2\/users\/2"}],"replies":[{"embeddable":true,"href":"https:\/\/pasaenmendoza.com\/index.php?rest_route=%2Fwp%2Fv2%2Fcomments&post=11149"}],"version-history":[{"count":1,"href":"https:\/\/pasaenmendoza.com\/index.php?rest_route=\/wp\/v2\/posts\/11149\/revisions"}],"predecessor-version":[{"id":11151,"href":"https:\/\/pasaenmendoza.com\/index.php?rest_route=\/wp\/v2\/posts\/11149\/revisions\/11151"}],"wp:featuredmedia":[{"embeddable":true,"href":"https:\/\/pasaenmendoza.com\/index.php?rest_route=\/wp\/v2\/media\/11150"}],"wp:attachment":[{"href":"https:\/\/pasaenmendoza.com\/index.php?rest_route=%2Fwp%2Fv2%2Fmedia&parent=11149"}],"wp:term":[{"taxonomy":"category","embeddable":true,"href":"https:\/\/pasaenmendoza.com\/index.php?rest_route=%2Fwp%2Fv2%2Fcategories&post=11149"},{"taxonomy":"post_tag","embeddable":true,"href":"https:\/\/pasaenmendoza.com\/index.php?rest_route=%2Fwp%2Fv2%2Ftags&post=11149"}],"curies":[{"name":"wp","href":"https:\/\/api.w.org\/{rel}","templated":true}]}}