{"id":11152,"date":"2025-01-21T14:20:37","date_gmt":"2025-01-21T13:20:37","guid":{"rendered":"https:\/\/pasaenmendoza.com\/?p=11152"},"modified":"2025-01-21T14:20:38","modified_gmt":"2025-01-21T13:20:38","slug":"un-impactante-vuelco-se-produjo-en-general-alvear-y-toda-una-familia-fue-hospitalizada","status":"publish","type":"post","link":"https:\/\/pasaenmendoza.com\/?p=11152","title":{"rendered":"Un impactante vuelco se produjo en General Alvear y toda una familia fue hospitalizada"},"content":{"rendered":"\n<p>Un auto protagoniz\u00f3 un impactante\u00a0<strong>vuelco\u00a0<\/strong>en\u00a0<strong>General Alvear<\/strong>\u00a0en horas de la madrugada y cinco personas, tres de ellas menores de edad, fueron hospitalizadas con\u00a0<strong>heridas\u00a0<\/strong>de diversa consideraci\u00f3n.\u00a0<\/p>\n\n\n\n<p>El veh\u00edculo Chevrolet Corsa de color gris circulaba por el kil\u00f3metro 26 de la Ruta 143 desde Puerto Madryn hacia San Carlos cerca de las 5:15, con sentido de sur a norte, cuando&nbsp;por razones que se tratan de esclarecer&nbsp;perdi\u00f3&nbsp;el dominio y se produjo&nbsp;el vuelco.<\/p>\n\n\n\n<p>A ra\u00edz del incidente, los cinco\u00a0ocupantes del autom\u00f3vil fueron\u00a0trasladados al hospital Enfermeros Argentinos. Seg\u00fan trascendi\u00f3, la mujer que viajaba en el asiento de acompa\u00f1ante presenta heridas de consideraci\u00f3n.<\/p>\n\n\n\n<p>El conductor del auto\u00a0es oriundo de Eugenio Bustos,\u00a0<strong>San Carlos<\/strong>, al igual que su esposa, y tiene 39 a\u00f1os. El hombre sufri\u00f3 heridas leves\u00a0y si bien de momento no se conocen las causas del\u00a0<strong>vuelco<\/strong>, cabe destacar que el test de alcoholemia le dio negativo.\u00a0\u00a0<\/p>\n\n\n\n<p>Por su parte, su pareja, de 33 a\u00f1os, fue quien se llev\u00f3 la peor parte. La mujer fue atendida por una\u00a0fractura de mand\u00edbula,\u00a0heridas cortantes en el rostro y politraumatismos varios. De todas formas, aunque\u00a0presenta lesiones graves, por el momento su vida no correr\u00eda peligro.<\/p>\n\n\n\n<p>Finalmente, los tres hermanos, dos varones de 17 y 9 a\u00f1os y una nena de 7, sufrieron politraumatismos leves y est\u00e1n en buen estado de salud. En tanto, en el lugar trabajaron agentes de Polic\u00eda Vial y Cient\u00edfica.\u00a0<\/p>\n\n\n\n<p><strong>Fuente: www.mdzol.com<\/strong><\/p>\n","protected":false},"excerpt":{"rendered":"<p>Un auto protagoniz\u00f3 un impactante\u00a0vuelco\u00a0en\u00a0General Alvear\u00a0en horas de la madrugada y cinco personas, tres de ellas menores de edad, fueron hospitalizadas con\u00a0heridas\u00a0de diversa consideraci\u00f3n.\u00a0 El veh\u00edculo Chevrolet Corsa de color gris circulaba por el kil\u00f3metro 26 de la Ruta 143 desde Puerto Madryn hacia San Carlos cerca de las 5:15, con sentido de sur a [&hellip;]<\/p>\n","protected":false},"author":2,"featured_media":11153,"comment_status":"open","ping_status":"open","sticky":false,"template":"","format":"standard","meta":[],"categories":[48],"tags":[],"_links":{"self":[{"href":"https:\/\/pasaenmendoza.com\/index.php?rest_route=\/wp\/v2\/posts\/11152"}],"collection":[{"href":"https:\/\/pasaenmendoza.com\/index.php?rest_route=\/wp\/v2\/posts"}],"about":[{"href":"https:\/\/pasaenmendoza.com\/index.php?rest_route=\/wp\/v2\/types\/post"}],"author":[{"embeddable":true,"href":"https:\/\/pasaenmendoza.com\/index.php?rest_route=\/wp\/v2\/users\/2"}],"replies":[{"embeddable":true,"href":"https:\/\/pasaenmendoza.com\/index.php?rest_route=%2Fwp%2Fv2%2Fcomments&post=11152"}],"version-history":[{"count":1,"href":"https:\/\/pasaenmendoza.com\/index.php?rest_route=\/wp\/v2\/posts\/11152\/revisions"}],"predecessor-version":[{"id":11154,"href":"https:\/\/pasaenmendoza.com\/index.php?rest_route=\/wp\/v2\/posts\/11152\/revisions\/11154"}],"wp:featuredmedia":[{"embeddable":true,"href":"https:\/\/pasaenmendoza.com\/index.php?rest_route=\/wp\/v2\/media\/11153"}],"wp:attachment":[{"href":"https:\/\/pasaenmendoza.com\/index.php?rest_route=%2Fwp%2Fv2%2Fmedia&parent=11152"}],"wp:term":[{"taxonomy":"category","embeddable":true,"href":"https:\/\/pasaenmendoza.com\/index.php?rest_route=%2Fwp%2Fv2%2Fcategories&post=11152"},{"taxonomy":"post_tag","embeddable":true,"href":"https:\/\/pasaenmendoza.com\/index.php?rest_route=%2Fwp%2Fv2%2Ftags&post=11152"}],"curies":[{"name":"wp","href":"https:\/\/api.w.org\/{rel}","templated":true}]}}