{"id":11155,"date":"2025-01-21T22:53:23","date_gmt":"2025-01-21T21:53:23","guid":{"rendered":"https:\/\/pasaenmendoza.com\/?p=11155"},"modified":"2025-01-21T22:53:24","modified_gmt":"2025-01-21T21:53:24","slug":"un-estudiante-de-derecho-esta-detenido-acusado-del-crimen-de-su-padre-en-guaymallen","status":"publish","type":"post","link":"https:\/\/pasaenmendoza.com\/?p=11155","title":{"rendered":"Un estudiante de Derecho est\u00e1 detenido acusado del crimen de su padre en Guaymall\u00e9n"},"content":{"rendered":"\n<p>Un joven estudiante de Derecho se encuentra detenido y a pasos de que se confirme su estad\u00eda en la c\u00e1rcel por el\u00a0<strong>crimen<\/strong>\u00a0de su padre. El hecho ocurri\u00f3 en los primeros d\u00edas de diciembre en\u00a0<strong>Guaymall\u00e9n\u00a0<\/strong>y parec\u00eda ser una muerte sin violencia, pero finalmente se inclin\u00f3 la hip\u00f3tesis a un\u00a0<strong>parricidio<\/strong>.<\/p>\n\n\n\n<p>El incidente ocurri\u00f3 el 4 de diciembre pasado en una casa ubicada en el barrio Pehu\u00e9n, ubicado en la localidad de Jes\u00fas Nazareno, donde vive la familia Armendariz integrada por un matrimonio con dos hijos. Esa noche, cerca de las 21, se encontr\u00f3 al padre de familia,&nbsp;<strong>Guillermo Esteban Armendariz<\/strong>&nbsp;(59), agonizando en el patio de la propiedad.<\/p>\n\n\n\n<p>La v\u00edctima perdi\u00f3 la vida pese al accionar de los m\u00e9dicos que intentaron asistirla. Si bien en un principio parec\u00eda que se trataba de una muerte no violenta, la hip\u00f3tesis se inclin\u00f3 a un\u00a0<strong>crimen\u00a0<\/strong>en las horas siguientes.<\/p>\n\n\n\n<p>Seg\u00fan detallaron fuentes vinculadas a la investigaci\u00f3n, se detect\u00f3 que el hombre hab\u00eda sufrido golpes en el cr\u00e1neo con un elemento contuso de superficie lisa. Este dato que surgi\u00f3 del adelanto de la necropsia, sumado a testimonios que se incorporaron del entorno de la familia, derivaron en la detenci\u00f3n de su hijo menor que es hom\u00f3nimo:<strong>&nbsp;Guillermo Agust\u00edn Armendariz<\/strong>&nbsp;(25).<\/p>\n\n\n\n<h2 class=\"wp-block-heading\">Imputaci\u00f3n por parricidio<\/h2>\n\n\n\n<p>El chico de 25 a\u00f1os, que es estudiante de Derecho, fue imputado por homicidio agravado por el v\u00ednculo. Qued\u00f3 detenido y el fiscal del caso, Gustavo Pirrello, solicit\u00f3 que contin\u00fae alojado en la penitenciar\u00eda ya que por el&nbsp;<strong>crimen<\/strong>&nbsp;arriesga una pena de prisi\u00f3n perpetua por lo que podr\u00eda fugarse en caso de recuperar su libertad.<\/p>\n\n\n\n<p>Durante enero se realiz\u00f3 una serie de audiencias para tratar la prisi\u00f3n preventiva del presunto autor del\u00a0<strong>crimen<\/strong>, pero la decisi\u00f3n qued\u00f3 paralizada a la espera de una serie de informes para determinar si el arresto puede ser en modalidad domiciliaria, tal como detallaron fuentes judiciales.<\/p>\n\n\n\n<p>Si bien no se sabe el motivo por el cual\u00a0<strong>Guillermo Armendariz<\/strong>\u00a0jr. habr\u00eda cometido el\u00a0<strong>crimen\u00a0<\/strong>de su padre, se sabe que el chico ven\u00eda atravesando unos a\u00f1os dif\u00edciles tras vender varios elementos de la propiedad donde viv\u00edan. Esa situaci\u00f3n hab\u00eda llegado a tal extremo que a mediados de 2023 public\u00f3 una oferta de un rev\u00f3lver en Facebook, hecho por el cual fue detenido y en agosto 2024 lo condenaron por tenencia ileg\u00edtima de arma de fuego a 2 a\u00f1os de prisi\u00f3n en suspenso.<\/p>\n\n\n\n<p><strong>Fuente: www.diariouno.com.ar<\/strong><\/p>\n","protected":false},"excerpt":{"rendered":"<p>Un joven estudiante de Derecho se encuentra detenido y a pasos de que se confirme su estad\u00eda en la c\u00e1rcel por el\u00a0crimen\u00a0de su padre. El hecho ocurri\u00f3 en los primeros d\u00edas de diciembre en\u00a0Guaymall\u00e9n\u00a0y parec\u00eda ser una muerte sin violencia, pero finalmente se inclin\u00f3 la hip\u00f3tesis a un\u00a0parricidio. El incidente ocurri\u00f3 el 4 de diciembre [&hellip;]<\/p>\n","protected":false},"author":2,"featured_media":11156,"comment_status":"open","ping_status":"open","sticky":false,"template":"","format":"standard","meta":[],"categories":[48],"tags":[],"_links":{"self":[{"href":"https:\/\/pasaenmendoza.com\/index.php?rest_route=\/wp\/v2\/posts\/11155"}],"collection":[{"href":"https:\/\/pasaenmendoza.com\/index.php?rest_route=\/wp\/v2\/posts"}],"about":[{"href":"https:\/\/pasaenmendoza.com\/index.php?rest_route=\/wp\/v2\/types\/post"}],"author":[{"embeddable":true,"href":"https:\/\/pasaenmendoza.com\/index.php?rest_route=\/wp\/v2\/users\/2"}],"replies":[{"embeddable":true,"href":"https:\/\/pasaenmendoza.com\/index.php?rest_route=%2Fwp%2Fv2%2Fcomments&post=11155"}],"version-history":[{"count":1,"href":"https:\/\/pasaenmendoza.com\/index.php?rest_route=\/wp\/v2\/posts\/11155\/revisions"}],"predecessor-version":[{"id":11157,"href":"https:\/\/pasaenmendoza.com\/index.php?rest_route=\/wp\/v2\/posts\/11155\/revisions\/11157"}],"wp:featuredmedia":[{"embeddable":true,"href":"https:\/\/pasaenmendoza.com\/index.php?rest_route=\/wp\/v2\/media\/11156"}],"wp:attachment":[{"href":"https:\/\/pasaenmendoza.com\/index.php?rest_route=%2Fwp%2Fv2%2Fmedia&parent=11155"}],"wp:term":[{"taxonomy":"category","embeddable":true,"href":"https:\/\/pasaenmendoza.com\/index.php?rest_route=%2Fwp%2Fv2%2Fcategories&post=11155"},{"taxonomy":"post_tag","embeddable":true,"href":"https:\/\/pasaenmendoza.com\/index.php?rest_route=%2Fwp%2Fv2%2Ftags&post=11155"}],"curies":[{"name":"wp","href":"https:\/\/api.w.org\/{rel}","templated":true}]}}