{"id":11162,"date":"2025-01-21T23:32:56","date_gmt":"2025-01-21T22:32:56","guid":{"rendered":"https:\/\/pasaenmendoza.com\/?p=11162"},"modified":"2025-01-21T23:32:57","modified_gmt":"2025-01-21T22:32:57","slug":"pablo-thomas-perez-vargas-el-mendocino-que-cumplio-su-sueno-y-se-consagro-campeon-nacional-de-malambo-juvenil","status":"publish","type":"post","link":"https:\/\/pasaenmendoza.com\/?p=11162","title":{"rendered":"Pablo Thomas P\u00e9rez Vargas, el mendocino que cumpli\u00f3 su sue\u00f1o y se consagr\u00f3 campe\u00f3n nacional de Malambo juvenil"},"content":{"rendered":"\n<p>Con esfuerzo, sacrificio y una pasi\u00f3n inquebrantable,\u00a0<strong>Pablo Thomas llev\u00f3 su arte y su coraz\u00f3n al escenario del Festival Nacional de Malambo,<\/strong>\u00a0uno de los\u00a0festivales m\u00e1s importantes de la Argentina\u00a0y que se realiza anualmente en la localidad cordobesa de Laborde. All\u00ed,\u00a0<strong>se consagr\u00f3 como el\u00a0mejor en su categor\u00eda.\u00a0<\/strong><\/p>\n\n\n\n<p>La historia de Pablo Thomas comenz\u00f3 a los 7 a\u00f1os, cuando, por casualidad, escuch\u00f3 el sonido de un bombo mientras practicaba f\u00fatbol en su barrio.\u00a0<strong>\u201cEl f\u00fatbol ya no me entusiasmaba, y ese d\u00eda, al asomarme por una ventana, vi a un grupo ensayando malambo. Fue amor a primera vista\u201d<\/strong>, cuenta con emoci\u00f3n. Desde ese momento, pidi\u00f3 a su madre que lo inscribiera en la Escuela de Vendimia Chakaymanta, y as\u00ed inici\u00f3 un viaje que cambiar\u00eda su vida.\u00a0<\/p>\n\n\n\n<p>El camino al campeonato no fue sencillo. Thomas enfrent\u00f3 una exigente rutina para equilibrar sus estudios, los ensayos y la vida personal. \u201cFue un a\u00f1o muy dif\u00edcil, sacrificando cumplea\u00f1os familiares y tiempo con mis seres queridos, pero sab\u00eda que val\u00eda la pena\u201d, expres\u00f3. A pesar de los desaf\u00edos, su perseverancia y disciplina lo llevaron a brillar en el Festival Nacional del Malambo.<\/p>\n\n\n\n<p>La final fue un sinf\u00edn de emociones.&nbsp;<strong>\u201cPens\u00e9 en todas las veces que fui y no logr\u00e9 nada. Este era mi momento, ten\u00eda que ser ahora. Y cuando anunciaron mi nombre, no pod\u00eda creerlo. Fue el sue\u00f1o de mi vida hecho realidad\u201d<\/strong>, comparti\u00f3 emocionado.<\/p>\n\n\n\n<p>Thomas destac\u00f3 su profundo agradecimiento a las personas que lo acompa\u00f1aron en este camino. Desde sus padres, quienes siempre lo apoyaron, incluso en los momentos m\u00e1s dif\u00edciles, hasta sus entrenadores Le\u00f3n y Sergio Magallanes, y Marcos V\u00e1zquez, quien lo guio durante todo el a\u00f1o. \u201cEste triunfo no es solo m\u00edo, es de todos ellos. Sin su apoyo, esto no hubiera sido posible\u201d, afirm\u00f3 el mendocino.\u00a0<\/p>\n\n\n\n<p>El joven campe\u00f3n afirm\u00f3 que el malambo es mucho m\u00e1s que una danza, es una escuela de vida que le ha ense\u00f1ado valores como la perseverancia, la humildad y la disciplina. Su mensaje para otros j\u00f3venes es claro y lleno de esperanza: \u201cNo se rindan nunca. Luchen por sus sue\u00f1os con pasi\u00f3n, aunque a veces parezca dif\u00edcil. Lo que se hace con el coraz\u00f3n siempre vale la pena\u201d.&nbsp;<\/p>\n\n\n\n<p>Hoy, Pablo Thomas P\u00e9rez Vargas es un ejemplo de que los sue\u00f1os se cumplen con esfuerzo, amor y dedicaci\u00f3n. Su triunfo es un orgullo para Mendoza y una inspiraci\u00f3n para todos los que creen en la magia del Malambo.<\/p>\n\n\n\n<p><strong>Fuente: www.diariomendoza.com.ar<\/strong><\/p>\n","protected":false},"excerpt":{"rendered":"<p>Con esfuerzo, sacrificio y una pasi\u00f3n inquebrantable,\u00a0Pablo Thomas llev\u00f3 su arte y su coraz\u00f3n al escenario del Festival Nacional de Malambo,\u00a0uno de los\u00a0festivales m\u00e1s importantes de la Argentina\u00a0y que se realiza anualmente en la localidad cordobesa de Laborde. All\u00ed,\u00a0se consagr\u00f3 como el\u00a0mejor en su categor\u00eda.\u00a0 La historia de Pablo Thomas comenz\u00f3 a los 7 a\u00f1os, [&hellip;]<\/p>\n","protected":false},"author":2,"featured_media":11163,"comment_status":"open","ping_status":"open","sticky":false,"template":"","format":"standard","meta":[],"categories":[50],"tags":[],"_links":{"self":[{"href":"https:\/\/pasaenmendoza.com\/index.php?rest_route=\/wp\/v2\/posts\/11162"}],"collection":[{"href":"https:\/\/pasaenmendoza.com\/index.php?rest_route=\/wp\/v2\/posts"}],"about":[{"href":"https:\/\/pasaenmendoza.com\/index.php?rest_route=\/wp\/v2\/types\/post"}],"author":[{"embeddable":true,"href":"https:\/\/pasaenmendoza.com\/index.php?rest_route=\/wp\/v2\/users\/2"}],"replies":[{"embeddable":true,"href":"https:\/\/pasaenmendoza.com\/index.php?rest_route=%2Fwp%2Fv2%2Fcomments&post=11162"}],"version-history":[{"count":1,"href":"https:\/\/pasaenmendoza.com\/index.php?rest_route=\/wp\/v2\/posts\/11162\/revisions"}],"predecessor-version":[{"id":11164,"href":"https:\/\/pasaenmendoza.com\/index.php?rest_route=\/wp\/v2\/posts\/11162\/revisions\/11164"}],"wp:featuredmedia":[{"embeddable":true,"href":"https:\/\/pasaenmendoza.com\/index.php?rest_route=\/wp\/v2\/media\/11163"}],"wp:attachment":[{"href":"https:\/\/pasaenmendoza.com\/index.php?rest_route=%2Fwp%2Fv2%2Fmedia&parent=11162"}],"wp:term":[{"taxonomy":"category","embeddable":true,"href":"https:\/\/pasaenmendoza.com\/index.php?rest_route=%2Fwp%2Fv2%2Fcategories&post=11162"},{"taxonomy":"post_tag","embeddable":true,"href":"https:\/\/pasaenmendoza.com\/index.php?rest_route=%2Fwp%2Fv2%2Ftags&post=11162"}],"curies":[{"name":"wp","href":"https:\/\/api.w.org\/{rel}","templated":true}]}}