{"id":11165,"date":"2025-01-21T23:39:19","date_gmt":"2025-01-21T22:39:19","guid":{"rendered":"https:\/\/pasaenmendoza.com\/?p=11165"},"modified":"2025-01-21T23:39:20","modified_gmt":"2025-01-21T22:39:20","slug":"diputados-del-pj-mendocino-quieren-marcar-la-cancha-y-exigir-a-milei-que-se-trate-el-presupuesto-2025","status":"publish","type":"post","link":"https:\/\/pasaenmendoza.com\/?p=11165","title":{"rendered":"Diputados del PJ mendocino quieren marcar la cancha y exigir a Milei que se trate el Presupuesto 2025"},"content":{"rendered":"\n<p>Este lunes se inici\u00f3 formalmente la temporada de sesiones extraordinarias en el Congreso de la Naci\u00f3n para tratar una bater\u00eda de proyectos que envi\u00f3 el gobierno de\u00a0<strong>Javier Milei.<\/strong>\u00a0Sin embargo, est\u00e1 por verse c\u00f3mo ser\u00e1 el aval de los bloques de las diferentes c\u00e1maras. Los diputados del\u00a0<strong>peronismo mendocino<\/strong>\u00a0insisten en que se trate el\u00a0<strong>Presupuesto 2025\u00a0<\/strong>antes de sentarse a discutir temas como la Ficha Limpia a nivel nacional.<\/p>\n\n\n\n<p>La Libertad Avanza deber\u00e1 sortear esta disputa por las partidas presupuestarias para este a\u00f1o. Ese es el principal punto que se\u00f1alaron los\u00a0<strong>peronistas<\/strong>\u00a0Adolfo Bermejo, Mart\u00edn Aveiro y Liliana Paponet.<\/p>\n\n\n\n<p>A finales del 2024, el Presidente decidi\u00f3 prorrogar el\u00a0<strong>Persupuesto 2023<\/strong>\u00a0por segundo a\u00f1o consecutivo, siendo un hecho in\u00e9dito en la historia del pa\u00eds. El temario que propone Milei apunta a la Ley de Ficha Limpia (como la que tiene Mendoza), la eliminaci\u00f3n de las\u00a0<strong>Elecciones Primarias Abiertas y Simult\u00e1neas (PASO)<\/strong>\u00a0y los pliegos de los integrantes de la Corte Suprema. No est\u00e1 Presupuesto.<\/p>\n\n\n\n<h2 class=\"wp-block-heading\"><strong>Qu\u00e9 plantean los tres diputados por el peronismo mendocino<\/strong><\/h2>\n\n\n\n<p>El maipucino Adolfo Bermejo dijo que esta semana definir\u00e1n de qu\u00e9 manera presionan para el tratamiento de un nuevo Presupuesto, sin la reconducci\u00f3n del 2023.<\/p>\n\n\n\n<p>La respuesta del ex intendente de Maip\u00fa fue categ\u00f3rica: &#8220;Ya le transmit\u00ed al presidente del bloque que sin<strong>\u00a0Presupuesto<\/strong>\u00a0no hay sesiones extraordinarias&#8221;.<\/p>\n\n\n\n<p>Su par, Mart\u00edn Aveiro se explay\u00f3: &#8220;Esta semana lo vamos a discutir en el Congreso. Hemos sido claros desde el bloque diciendo que s\u00ed o s\u00ed en estas extraordinarias es fundamental y esencial tratar el Presupuesto&#8221;.<\/p>\n\n\n\n<p>Y dispar\u00f3: &#8220;El gobierno de Milei est\u00e1 dejando sin pauta a las provincias y est\u00e1 trabajando con un presupuesto que se cre\u00f3 en septiembre del 2022. Lo que se env\u00eda es s\u00f3lo con intereses exclusivamente pol\u00edticos, donde nada tiene que ver con la gente y la realidad que viven las pymes emprendedoras, la falta de empleo, la inseguridad, aumento de los costos de servicios y de vida de cada familia&#8221;.<\/p>\n\n\n\n<p>Aveiro le reproch\u00f3 a la gesti\u00f3n del Presidente no estar en los temas que mejoren la realidad de las personas, en una situaci\u00f3n econ\u00f3mica muy delicada.<\/p>\n\n\n\n<p>Por su parte, Paponet adelant\u00f3 que hay una convocatoria pero formalmente no hay un llamado sobre el itinerario de temas y coincidi\u00f3 con sus pares: &#8220;Es bochornoso ir a sesiones sin contar con una Ley de Presupuesto&#8221;.<\/p>\n\n\n\n<p>La preocupaci\u00f3n de las bancadas opositoras es que por segundo a\u00f1o no haya fondos para la realizaci\u00f3n de obra p\u00fablica en las provincias, el reparto de las partidas para las universidades y se contin\u00fae con la pol\u00edtica de la motosierra.<\/p>\n\n\n\n<h2 class=\"wp-block-heading\"><strong>Por qu\u00e9 no se vot\u00f3 un nuevo presupuesto en el Congreso<\/strong><\/h2>\n\n\n\n<p>El 19 de noviembre se dieron por finalizadas las negociaciones en el Congreso, luego de las exposiciones de distintos funcionarios.<\/p>\n\n\n\n<p>El titular de la Comisi\u00f3n de Hacienda y Presupuesto, Jos\u00e9 Luis Espert fue quien comunic\u00f3 que se cerraban las negociaciones, a pesar de la voluntad del Ejecutivo de seguir analizando la estructura de gastos del pa\u00eds.<\/p>\n\n\n\n<p>En el peronismo afirman que Milei no quiere tener Presupuesto y hay flujos de ingresos que no est\u00e1n plasmados ni transparentados que podr\u00edan ser usados para la campa\u00f1a electoral de este a\u00f1o.<\/p>\n\n\n\n<h2 class=\"wp-block-heading\"><strong>La defensa del libertario mendocino a las sesiones extraordinarias<\/strong><\/h2>\n\n\n\n<p>Ante el requerimiento de este medio sobre la posici\u00f3n que mantendr\u00e1 \u00c1lvaro Mart\u00ednez (Libertad Avanza), el legislador nacional afirm\u00f3 que se tratar\u00e1n todos los temas que la ciudadan\u00eda demanda.<\/p>\n\n\n\n<p>&#8220;La postura es que tenemos q trabajar para sacar los temas que nos quedaron y que impactan directamente en la sociedad&#8221;, destac\u00f3 y sobre el Presupuesto 2025 expres\u00f3: &#8220;La oposici\u00f3n y las provincias tienen que entender que hay otra manera de gestionar cuidando a los argentinos y diciendo las cosas como son. No vamos a aceptar nada que influya negativamente con los objetivos puestos&#8221;.<\/p>\n\n\n\n<p><strong>Fuente: www.diariouno.com.ar<\/strong><\/p>\n","protected":false},"excerpt":{"rendered":"<p>Este lunes se inici\u00f3 formalmente la temporada de sesiones extraordinarias en el Congreso de la Naci\u00f3n para tratar una bater\u00eda de proyectos que envi\u00f3 el gobierno de\u00a0Javier Milei.\u00a0Sin embargo, est\u00e1 por verse c\u00f3mo ser\u00e1 el aval de los bloques de las diferentes c\u00e1maras. Los diputados del\u00a0peronismo mendocino\u00a0insisten en que se trate el\u00a0Presupuesto 2025\u00a0antes de sentarse [&hellip;]<\/p>\n","protected":false},"author":2,"featured_media":11166,"comment_status":"open","ping_status":"open","sticky":false,"template":"","format":"standard","meta":[],"categories":[47],"tags":[],"_links":{"self":[{"href":"https:\/\/pasaenmendoza.com\/index.php?rest_route=\/wp\/v2\/posts\/11165"}],"collection":[{"href":"https:\/\/pasaenmendoza.com\/index.php?rest_route=\/wp\/v2\/posts"}],"about":[{"href":"https:\/\/pasaenmendoza.com\/index.php?rest_route=\/wp\/v2\/types\/post"}],"author":[{"embeddable":true,"href":"https:\/\/pasaenmendoza.com\/index.php?rest_route=\/wp\/v2\/users\/2"}],"replies":[{"embeddable":true,"href":"https:\/\/pasaenmendoza.com\/index.php?rest_route=%2Fwp%2Fv2%2Fcomments&post=11165"}],"version-history":[{"count":1,"href":"https:\/\/pasaenmendoza.com\/index.php?rest_route=\/wp\/v2\/posts\/11165\/revisions"}],"predecessor-version":[{"id":11167,"href":"https:\/\/pasaenmendoza.com\/index.php?rest_route=\/wp\/v2\/posts\/11165\/revisions\/11167"}],"wp:featuredmedia":[{"embeddable":true,"href":"https:\/\/pasaenmendoza.com\/index.php?rest_route=\/wp\/v2\/media\/11166"}],"wp:attachment":[{"href":"https:\/\/pasaenmendoza.com\/index.php?rest_route=%2Fwp%2Fv2%2Fmedia&parent=11165"}],"wp:term":[{"taxonomy":"category","embeddable":true,"href":"https:\/\/pasaenmendoza.com\/index.php?rest_route=%2Fwp%2Fv2%2Fcategories&post=11165"},{"taxonomy":"post_tag","embeddable":true,"href":"https:\/\/pasaenmendoza.com\/index.php?rest_route=%2Fwp%2Fv2%2Ftags&post=11165"}],"curies":[{"name":"wp","href":"https:\/\/api.w.org\/{rel}","templated":true}]}}