{"id":1117,"date":"2023-09-01T12:11:23","date_gmt":"2023-09-01T10:11:23","guid":{"rendered":"https:\/\/pasaenmendoza.com\/?p=1117"},"modified":"2023-09-01T12:31:06","modified_gmt":"2023-09-01T10:31:06","slug":"tunuyan-alfredo-cornejo-oficializo-que-el-frente-unido-se-suma-a-cambia-mendoza-a-horas-de-las-elecciones","status":"publish","type":"post","link":"https:\/\/pasaenmendoza.com\/?p=1117","title":{"rendered":"TUNUYAN: Alfredo Cornejo oficializ\u00f3 que el Frente Unido se suma a Cambia Mendoza a horas de las elecciones."},"content":{"rendered":"\n<p><strong>Cambia Mendoza<\/strong>&nbsp;sum\u00f3 un importante aliado de cara a las pr\u00f3ximas<strong>&nbsp;elecciones<\/strong>&nbsp;del domingo. Se trata del concejal&nbsp;<strong>Cristian Gottardini&nbsp;<\/strong>(Unidos por Tunuy\u00e1n), qui\u00e9n fue el tercer candidato m\u00e1s votado en las PASO, detr\u00e1s del peronista&nbsp;<strong>Emir Andraos y el radical Luis L\u00f3pez.<\/strong><\/p>\n\n\n\n<p> Gottardini oficializ\u00f3 su incorporaci\u00f3n a las filas de&nbsp;<strong>Alfredo Cornejo y Luis L\u00f3pez<\/strong>, con un encuentro compartido con ellos en el departamento del Valle de Uco. De esta manera qued\u00f3 planteado un escenario polarizado entre el&nbsp;<strong>peronismo&nbsp;<\/strong>y los principales&nbsp;<strong>opositores<\/strong>&nbsp;de la comuna. Aunque vale decir que&nbsp;<strong>Andraos&nbsp;<\/strong>llega con un triunfo importante a sus espaldas: obtuvo&nbsp;<strong>el 45% de votos en las PASO<\/strong>&nbsp;y Cambia Mendoza, con sus dos precandidatos,&nbsp;<strong>cosech\u00f3 un 32%.<\/strong><\/p>\n\n\n\n<p>Cornejo utiliz\u00f3 su red social X y expres\u00f3 \u00abEs hora de optar por el cambio y la unidad.\u00a0#Tunuy\u00e1n\u00a0merece m\u00e1s y esta uni\u00f3n de fuerzas es precisamente con ese objetivo. Nuestra coalici\u00f3n es el veh\u00edculo para transformar la administraci\u00f3n municipal. El pr\u00f3ximo domingo, votemos por un futuro mejor, sin aprietes ni divisiones.\u00bb<\/p>\n\n\n\n<p>Por su parte, Cornejo dej\u00f3 en claro que esta uni\u00f3n \u201c<strong>nos hace competitivos para que la ciudadan\u00eda pueda optar<\/strong>. Si realmente quieren cambiar de orientaci\u00f3n de la administraci\u00f3n municipal, somos el veh\u00edculo. Esta coalici\u00f3n promueve la mejor\u00eda en la oferta de candidatos\u201d.<\/p>\n\n\n\n<p>FUENTE: Boxdiario.com.ar<\/p>\n","protected":false},"excerpt":{"rendered":"<p>Cambia Mendoza&nbsp;sum\u00f3 un importante aliado de cara a las pr\u00f3ximas&nbsp;elecciones&nbsp;del domingo. Se trata del concejal&nbsp;Cristian Gottardini&nbsp;(Unidos por Tunuy\u00e1n), qui\u00e9n fue el tercer candidato m\u00e1s votado en las PASO, detr\u00e1s del peronista&nbsp;Emir Andraos y el radical Luis L\u00f3pez. Gottardini oficializ\u00f3 su incorporaci\u00f3n a las filas de&nbsp;Alfredo Cornejo y Luis L\u00f3pez, con un encuentro compartido con ellos [&hellip;]<\/p>\n","protected":false},"author":2,"featured_media":1118,"comment_status":"open","ping_status":"open","sticky":true,"template":"","format":"standard","meta":[],"categories":[47],"tags":[],"_links":{"self":[{"href":"https:\/\/pasaenmendoza.com\/index.php?rest_route=\/wp\/v2\/posts\/1117"}],"collection":[{"href":"https:\/\/pasaenmendoza.com\/index.php?rest_route=\/wp\/v2\/posts"}],"about":[{"href":"https:\/\/pasaenmendoza.com\/index.php?rest_route=\/wp\/v2\/types\/post"}],"author":[{"embeddable":true,"href":"https:\/\/pasaenmendoza.com\/index.php?rest_route=\/wp\/v2\/users\/2"}],"replies":[{"embeddable":true,"href":"https:\/\/pasaenmendoza.com\/index.php?rest_route=%2Fwp%2Fv2%2Fcomments&post=1117"}],"version-history":[{"count":2,"href":"https:\/\/pasaenmendoza.com\/index.php?rest_route=\/wp\/v2\/posts\/1117\/revisions"}],"predecessor-version":[{"id":1123,"href":"https:\/\/pasaenmendoza.com\/index.php?rest_route=\/wp\/v2\/posts\/1117\/revisions\/1123"}],"wp:featuredmedia":[{"embeddable":true,"href":"https:\/\/pasaenmendoza.com\/index.php?rest_route=\/wp\/v2\/media\/1118"}],"wp:attachment":[{"href":"https:\/\/pasaenmendoza.com\/index.php?rest_route=%2Fwp%2Fv2%2Fmedia&parent=1117"}],"wp:term":[{"taxonomy":"category","embeddable":true,"href":"https:\/\/pasaenmendoza.com\/index.php?rest_route=%2Fwp%2Fv2%2Fcategories&post=1117"},{"taxonomy":"post_tag","embeddable":true,"href":"https:\/\/pasaenmendoza.com\/index.php?rest_route=%2Fwp%2Fv2%2Ftags&post=1117"}],"curies":[{"name":"wp","href":"https:\/\/api.w.org\/{rel}","templated":true}]}}