{"id":11171,"date":"2025-01-21T23:53:13","date_gmt":"2025-01-21T22:53:13","guid":{"rendered":"https:\/\/pasaenmendoza.com\/?p=11171"},"modified":"2025-01-21T23:53:14","modified_gmt":"2025-01-21T22:53:14","slug":"el-gobierno-espera-que-la-variante-palmira-este-lista-para-la-epoca-de-vendimia","status":"publish","type":"post","link":"https:\/\/pasaenmendoza.com\/?p=11171","title":{"rendered":"El Gobierno espera que la variante Palmira est\u00e9 lista para la \u00e9poca de Vendimia"},"content":{"rendered":"\n<p>Osvaldo Romagnoli, director de Vialidad provincial, anticip\u00f3 que la\u00a0<strong>variante Palmira<\/strong>\u00a0podr\u00eda estar finalizada en los primeros d\u00edas de marzo. Si bien se trata de una obra que es competencia de la Naci\u00f3n, desde Mendoza conf\u00edan que estar\u00e1 lista para Vendimia, seg\u00fan el an\u00e1lisis t\u00e9cnico.<\/p>\n\n\n\n<p>La obra de la&nbsp;<strong>Ruta Nacional 7<\/strong>, en el tramo que va desde San Mart\u00edn a la&nbsp;<strong>Ruta Nacional 40<\/strong>&nbsp;(calle Lamadrid, en el l\u00edmite de Palmira hasta Agrelo, en Luj\u00e1n de Cuyo), es una de las tres obras clave que la Direcci\u00f3n de&nbsp;<strong>Vialidad<\/strong>&nbsp;provincial considera que estar\u00e1n listas en 2025. Las otras dos son la de la Ruta Panamericana 82 y la doble v\u00eda del Este.<\/p>\n\n\n\n<p>\u201cLa<strong>\u00a0variante Palmira\u00a0<\/strong>es una obra que sufri\u00f3 distintos contratiempos, uno de ellos por las expropiaciones, pero los tiempos de entrega que tiene la empresa previstos coinciden con la Vendimia\u201d, anticip\u00f3 Romagnoli.<\/p>\n\n\n\n<p>De todas maneras, aclar\u00f3 el funcionario, que \u201cquien tiene realmente certezas sobre la fecha es&nbsp;<strong>Vialidad Nacional<\/strong>, pero la obra est\u00e1 muy avanzada y entiendo que podr\u00eda estar para ese tiempo\u201d.<\/p>\n\n\n\n<h2 class=\"wp-block-heading\">La obra de la ruta 82, entre febrero y mayo<\/h2>\n\n\n\n<p>Para Romagnoli, el \u201cbuque insignia\u201d entre las obras m\u00e1s importantes que se est\u00e1n desarrollando en Mendoza es la&nbsp;<strong>ruta 82&nbsp;<\/strong>porque \u201cinvolucra la remodelaci\u00f3n completa del lugar, la obra aluvional, el ordenamiento, el cambio de cota, el cambio de traza, las colectoras y rampas de acceso, entre otras\u201d.<\/p>\n\n\n\n<p>El funcionario provincial asegur\u00f3 que la empresa\u00a0tiene como fecha de entrega de la\u00a0<strong>obra\u00a0<\/strong>mayo\u00a0de este a\u00f1o pero \u201cen febrero va a estar habilitado, con asfalto u hormigonado, todo lo que hoy se recorre en tierra\u201d, lo que significar\u00e1, seg\u00fan analizan desde Gobierno, un cambio grande en la transitabilidad.<\/p>\n\n\n\n<p>Lo que se seguir\u00e1 trabajando hasta mayo es la iluminaci\u00f3n, la fibra \u00f3ptica y las barreras para las paradas de los colectivos. \u201cLa obra seguir\u00e1 mutando porque es muy din\u00e1mica\u201d, asegur\u00f3.<\/p>\n\n\n\n<h2 class=\"wp-block-heading\">La doble v\u00eda del Este<\/h2>\n\n\n\n<p>La tercera obra p\u00fablica que la provincia espera que est\u00e9 lista para inaugurarse este a\u00f1o es la de la&nbsp;<strong>doble v\u00eda del Este<\/strong>.<\/p>\n\n\n\n<p>\u201cEs una&nbsp;<strong>obra&nbsp;<\/strong>clave, quiz\u00e1s no tan conocida\u201d, analiz\u00f3 Romagnoli, quien a su vez adelant\u00f3 que \u201ccontinuaremos con la etapa siguiente\u201d.<\/p>\n\n\n\n<p>Esta obra es de relevancia para la provincia porque \u201cpermite poder sacar la producci\u00f3n de Rivadavia, Jun\u00edn y San Mart\u00edn hacia una troncal y no hacer un derrotero por una traves\u00eda en la que haces 12 kil\u00f3metros en el mismo tiempo que podr\u00edas hacer 45\u201d.<\/p>\n\n\n\n<p><strong>Fuente: www.diariouno.com.ar<\/strong><\/p>\n","protected":false},"excerpt":{"rendered":"<p>Osvaldo Romagnoli, director de Vialidad provincial, anticip\u00f3 que la\u00a0variante Palmira\u00a0podr\u00eda estar finalizada en los primeros d\u00edas de marzo. Si bien se trata de una obra que es competencia de la Naci\u00f3n, desde Mendoza conf\u00edan que estar\u00e1 lista para Vendimia, seg\u00fan el an\u00e1lisis t\u00e9cnico. La obra de la&nbsp;Ruta Nacional 7, en el tramo que va desde [&hellip;]<\/p>\n","protected":false},"author":2,"featured_media":11172,"comment_status":"open","ping_status":"open","sticky":false,"template":"","format":"standard","meta":[],"categories":[47],"tags":[],"_links":{"self":[{"href":"https:\/\/pasaenmendoza.com\/index.php?rest_route=\/wp\/v2\/posts\/11171"}],"collection":[{"href":"https:\/\/pasaenmendoza.com\/index.php?rest_route=\/wp\/v2\/posts"}],"about":[{"href":"https:\/\/pasaenmendoza.com\/index.php?rest_route=\/wp\/v2\/types\/post"}],"author":[{"embeddable":true,"href":"https:\/\/pasaenmendoza.com\/index.php?rest_route=\/wp\/v2\/users\/2"}],"replies":[{"embeddable":true,"href":"https:\/\/pasaenmendoza.com\/index.php?rest_route=%2Fwp%2Fv2%2Fcomments&post=11171"}],"version-history":[{"count":1,"href":"https:\/\/pasaenmendoza.com\/index.php?rest_route=\/wp\/v2\/posts\/11171\/revisions"}],"predecessor-version":[{"id":11173,"href":"https:\/\/pasaenmendoza.com\/index.php?rest_route=\/wp\/v2\/posts\/11171\/revisions\/11173"}],"wp:featuredmedia":[{"embeddable":true,"href":"https:\/\/pasaenmendoza.com\/index.php?rest_route=\/wp\/v2\/media\/11172"}],"wp:attachment":[{"href":"https:\/\/pasaenmendoza.com\/index.php?rest_route=%2Fwp%2Fv2%2Fmedia&parent=11171"}],"wp:term":[{"taxonomy":"category","embeddable":true,"href":"https:\/\/pasaenmendoza.com\/index.php?rest_route=%2Fwp%2Fv2%2Fcategories&post=11171"},{"taxonomy":"post_tag","embeddable":true,"href":"https:\/\/pasaenmendoza.com\/index.php?rest_route=%2Fwp%2Fv2%2Ftags&post=11171"}],"curies":[{"name":"wp","href":"https:\/\/api.w.org\/{rel}","templated":true}]}}