{"id":11174,"date":"2025-01-22T14:54:17","date_gmt":"2025-01-22T13:54:17","guid":{"rendered":"https:\/\/pasaenmendoza.com\/?p=11174"},"modified":"2025-01-22T14:54:18","modified_gmt":"2025-01-22T13:54:18","slug":"sube-la-temperatura-en-mendoza-y-se-espera-por-un-miercoles-al-horno","status":"publish","type":"post","link":"https:\/\/pasaenmendoza.com\/?p=11174","title":{"rendered":"Sube la temperatura en Mendoza y se espera por un mi\u00e9rcoles \u201cal horno\u201d"},"content":{"rendered":"\n<p>Para este&nbsp;<strong>mi\u00e9rcoles&nbsp;<\/strong>se espera un marcado&nbsp;<strong>aumento de las temperaturas<\/strong>, con una jornada en la que estar\u00e1 \u201cmuy&nbsp;<strong>caluroso&nbsp;<\/strong>con poca nubosidad\u201d. Adem\u00e1s, el&nbsp;<strong>SMN&nbsp;<\/strong>emiti\u00f3 un alerta amarillo para distintas zonas de la provincia.<\/p>\n\n\n\n<p>Se aguarda que la m\u00ednima se ubique en 21\u00b0C y la&nbsp;<strong>m\u00e1xima sea de 36\u00b0C,<\/strong>&nbsp;subiendo considerablemente respecto del martes.<\/p>\n\n\n\n<p>Para este mi\u00e9rcoles el\u00a0<strong>Servicio Meteorol\u00f3gico Nacional<\/strong>\u00a0inform\u00f3 que la zona Sur y la zona Este de la provincia quedar\u00e1n afectadas por un alerta amarillo por temperaturas extremas.<\/p>\n\n\n\n<p>Para el jueves se espera otro d\u00eda de\u00a0<strong>extremo calor\u00a0<\/strong>ya que la m\u00e1xima ser\u00e1 de 37\u00b0C. Sin embargo, el calor dar\u00e1 un \u201crespiro\u201d para viernes y s\u00e1bado con la promesa de volver hacia el domingo.<\/p>\n\n\n\n<p><strong>Fuente: www.elsol.com.ar<\/strong><\/p>\n","protected":false},"excerpt":{"rendered":"<p>Para este&nbsp;mi\u00e9rcoles&nbsp;se espera un marcado&nbsp;aumento de las temperaturas, con una jornada en la que estar\u00e1 \u201cmuy&nbsp;caluroso&nbsp;con poca nubosidad\u201d. Adem\u00e1s, el&nbsp;SMN&nbsp;emiti\u00f3 un alerta amarillo para distintas zonas de la provincia. Se aguarda que la m\u00ednima se ubique en 21\u00b0C y la&nbsp;m\u00e1xima sea de 36\u00b0C,&nbsp;subiendo considerablemente respecto del martes. Para este mi\u00e9rcoles el\u00a0Servicio Meteorol\u00f3gico Nacional\u00a0inform\u00f3 que la [&hellip;]<\/p>\n","protected":false},"author":2,"featured_media":11175,"comment_status":"open","ping_status":"open","sticky":false,"template":"","format":"standard","meta":[],"categories":[52],"tags":[],"_links":{"self":[{"href":"https:\/\/pasaenmendoza.com\/index.php?rest_route=\/wp\/v2\/posts\/11174"}],"collection":[{"href":"https:\/\/pasaenmendoza.com\/index.php?rest_route=\/wp\/v2\/posts"}],"about":[{"href":"https:\/\/pasaenmendoza.com\/index.php?rest_route=\/wp\/v2\/types\/post"}],"author":[{"embeddable":true,"href":"https:\/\/pasaenmendoza.com\/index.php?rest_route=\/wp\/v2\/users\/2"}],"replies":[{"embeddable":true,"href":"https:\/\/pasaenmendoza.com\/index.php?rest_route=%2Fwp%2Fv2%2Fcomments&post=11174"}],"version-history":[{"count":1,"href":"https:\/\/pasaenmendoza.com\/index.php?rest_route=\/wp\/v2\/posts\/11174\/revisions"}],"predecessor-version":[{"id":11176,"href":"https:\/\/pasaenmendoza.com\/index.php?rest_route=\/wp\/v2\/posts\/11174\/revisions\/11176"}],"wp:featuredmedia":[{"embeddable":true,"href":"https:\/\/pasaenmendoza.com\/index.php?rest_route=\/wp\/v2\/media\/11175"}],"wp:attachment":[{"href":"https:\/\/pasaenmendoza.com\/index.php?rest_route=%2Fwp%2Fv2%2Fmedia&parent=11174"}],"wp:term":[{"taxonomy":"category","embeddable":true,"href":"https:\/\/pasaenmendoza.com\/index.php?rest_route=%2Fwp%2Fv2%2Fcategories&post=11174"},{"taxonomy":"post_tag","embeddable":true,"href":"https:\/\/pasaenmendoza.com\/index.php?rest_route=%2Fwp%2Fv2%2Ftags&post=11174"}],"curies":[{"name":"wp","href":"https:\/\/api.w.org\/{rel}","templated":true}]}}