{"id":11180,"date":"2025-01-22T15:11:19","date_gmt":"2025-01-22T14:11:19","guid":{"rendered":"https:\/\/pasaenmendoza.com\/?p=11180"},"modified":"2025-01-22T15:11:20","modified_gmt":"2025-01-22T14:11:20","slug":"dijo-que-se-autopercibe-mujer-un-sujeto-fue-detenido-por-violencia-de-genero-pero-se-fugo-de-una-comisaria","status":"publish","type":"post","link":"https:\/\/pasaenmendoza.com\/?p=11180","title":{"rendered":"Dijo que se autopercibe mujer: un sujeto fue detenido por violencia de g\u00e9nero, pero se fug\u00f3 de una comisar\u00eda"},"content":{"rendered":"\n<p>Un hombre fue detenido acusado por\u00a0<strong>violencia de g\u00e9nero<\/strong>, pero logr\u00f3\u00a0<strong>escaparse\u00a0<\/strong>de la comisar\u00eda de la\u00a0<strong>Ciudad de Mendoza<\/strong>\u00a0a la que hab\u00eda sido trasladado luego de manifestar que se autopercibe mujer.\u00a0<\/p>\n\n\n\n<p>Se trata de Emilio&nbsp;L\u00faquez Monges, un hombre de 31 a\u00f1os que hab\u00eda sido derivado desde la comisar\u00eda Sexta hacia&nbsp;la&nbsp;Cuarta en&nbsp;<strong>Ciudad&nbsp;<\/strong>y que ahora es intensamente buscado.&nbsp;<\/p>\n\n\n\n<p>Fue el \u00faltimo s\u00e1bado, pasado el mediod\u00eda, cuando\u00a0L\u00faquez Monges, despu\u00e9s de ir al ba\u00f1o, habr\u00eda aprovechado un descuido de una guardia para darse a la\u00a0<strong>fuga<\/strong>, hecho que motiv\u00f3 una investigaci\u00f3n para esclarecer el hecho, al tiempo que se le labr\u00f3 un sumario administrativo a la agente responsable del turno.\u00a0<\/p>\n\n\n\n<p>El sujeto hab\u00eda sido denunciado por un caso de<strong>\u00a0violencia de g\u00e9nero<\/strong>\u00a0contra una adolescente de 16 a\u00f1os en el barrio Nueva Esperanza de La Favorita, por lo que hab\u00eda sido detenido semanas atr\u00e1s. Al parecer, la joven, quien ten\u00eda heridas en el rostro, manten\u00eda una relaci\u00f3n afectiva con el acusado.<\/p>\n\n\n\n<p>En tanto, la Justicia decidi\u00f3 colocar una consigna policial en la casa donde se encuentra alojada la v\u00edctima, quien est\u00e1 al cuidado de un familiar, aunque pronto debe retornar a un\u00a0hogar provincial, dependiente de la Direcci\u00f3n de Ni\u00f1ez, Adolescencia y Familia, donde reside.<\/p>\n\n\n\n<p><strong>Fuente: www.mdzol.com<\/strong><\/p>\n","protected":false},"excerpt":{"rendered":"<p>Un hombre fue detenido acusado por\u00a0violencia de g\u00e9nero, pero logr\u00f3\u00a0escaparse\u00a0de la comisar\u00eda de la\u00a0Ciudad de Mendoza\u00a0a la que hab\u00eda sido trasladado luego de manifestar que se autopercibe mujer.\u00a0 Se trata de Emilio&nbsp;L\u00faquez Monges, un hombre de 31 a\u00f1os que hab\u00eda sido derivado desde la comisar\u00eda Sexta hacia&nbsp;la&nbsp;Cuarta en&nbsp;Ciudad&nbsp;y que ahora es intensamente buscado.&nbsp; Fue el [&hellip;]<\/p>\n","protected":false},"author":2,"featured_media":11181,"comment_status":"open","ping_status":"open","sticky":false,"template":"","format":"standard","meta":[],"categories":[48],"tags":[],"_links":{"self":[{"href":"https:\/\/pasaenmendoza.com\/index.php?rest_route=\/wp\/v2\/posts\/11180"}],"collection":[{"href":"https:\/\/pasaenmendoza.com\/index.php?rest_route=\/wp\/v2\/posts"}],"about":[{"href":"https:\/\/pasaenmendoza.com\/index.php?rest_route=\/wp\/v2\/types\/post"}],"author":[{"embeddable":true,"href":"https:\/\/pasaenmendoza.com\/index.php?rest_route=\/wp\/v2\/users\/2"}],"replies":[{"embeddable":true,"href":"https:\/\/pasaenmendoza.com\/index.php?rest_route=%2Fwp%2Fv2%2Fcomments&post=11180"}],"version-history":[{"count":1,"href":"https:\/\/pasaenmendoza.com\/index.php?rest_route=\/wp\/v2\/posts\/11180\/revisions"}],"predecessor-version":[{"id":11182,"href":"https:\/\/pasaenmendoza.com\/index.php?rest_route=\/wp\/v2\/posts\/11180\/revisions\/11182"}],"wp:featuredmedia":[{"embeddable":true,"href":"https:\/\/pasaenmendoza.com\/index.php?rest_route=\/wp\/v2\/media\/11181"}],"wp:attachment":[{"href":"https:\/\/pasaenmendoza.com\/index.php?rest_route=%2Fwp%2Fv2%2Fmedia&parent=11180"}],"wp:term":[{"taxonomy":"category","embeddable":true,"href":"https:\/\/pasaenmendoza.com\/index.php?rest_route=%2Fwp%2Fv2%2Fcategories&post=11180"},{"taxonomy":"post_tag","embeddable":true,"href":"https:\/\/pasaenmendoza.com\/index.php?rest_route=%2Fwp%2Fv2%2Ftags&post=11180"}],"curies":[{"name":"wp","href":"https:\/\/api.w.org\/{rel}","templated":true}]}}