{"id":11186,"date":"2025-01-22T21:21:25","date_gmt":"2025-01-22T20:21:25","guid":{"rendered":"https:\/\/pasaenmendoza.com\/?p=11186"},"modified":"2025-01-22T21:21:26","modified_gmt":"2025-01-22T20:21:26","slug":"caputo-cargo-contra-los-gobernadores-por-ingresos-brutos-y-nieri-salto-para-defender-a-mendoza","status":"publish","type":"post","link":"https:\/\/pasaenmendoza.com\/?p=11186","title":{"rendered":"Caputo carg\u00f3 contra los gobernadores por Ingresos Brutos y Nieri salt\u00f3 para defender a Mendoza"},"content":{"rendered":"\n<p>El diputado nacional por Mendoza Lisandro Nieri (UCR) le record\u00f3 al ministro de Econom\u00eda Luis Caputo que Mendoza aplic\u00f3 una pol\u00edtica de baja del impuesto<strong>\u00a0Ingresos Brutos<\/strong>\u00a0desde la primera gobernaci\u00f3n de Alfredo Cornejo. Lo hizo luego de que el funcionario dijera que &#8220;no hemos visto a ninguna provincia reducir IIBB\u201d.<\/p>\n\n\n\n<p><strong>Luis Caputo&nbsp;<\/strong>carg\u00f3 contra gobernadores e intendentes y volvi\u00f3 a exigirles, mediante un largo posteo en X, un ajuste en sus administraciones, especialmente en lo que refiere a la baja impositiva.<\/p>\n\n\n\n<p>La reacci\u00f3n del ministro lleg\u00f3 despu\u00e9s de que los&nbsp;<strong>gobernadores&nbsp;<\/strong>Mart\u00edn Llaryora (C\u00f3rdoba), Maximiliano Pullaro (Santa Fe) y Rogelio Frigerio (Entre R\u00edos) reclamaran la eliminaci\u00f3n de las retenciones al campo y cuestionaran la paralizaci\u00f3n de la obra p\u00fablica.<\/p>\n\n\n\n<p>En Mendoza, efectivamente el impuesto a los<strong>\u00a0Ingresos Brutos<\/strong>\u00a0se actualiz\u00f3 en 2025 con subas que algunos casos significan m\u00e1s del 300%. Lo que marc\u00f3 Nieri, aunque sin nombrar este aumento, es que el mismo llega despu\u00e9s de un camino de reducci\u00f3n del gasto y de IIBB que comenz\u00f3 en 2015.<\/p>\n\n\n\n<figure class=\"wp-block-image\"><img decoding=\"async\" src=\"https:\/\/media.diariouno.com.ar\/p\/886cd4f643dd39ac62852ccaef61f8c5\/adjuntos\/298\/imagenes\/009\/483\/0009483244\/1200x0\/smart\/tuit-ingresos-brutos-nieri-caputojpg.jpg\" alt=\"La curva de reducci\u00f3n de Ingresos Brutos que Lisandro Nieri poste\u00f3 en X para responder un tuit de Luis Caputo.\" title=\"La curva de reducci\u00f3n de Ingresos Brutos que Lisandro Nieri poste\u00f3 en X para responder un tuit de Luis Caputo.\"\/><\/figure>\n\n\n\n<p>La curva de reducci\u00f3n de Ingresos Brutos que Lisandro Nieri poste\u00f3 en X para responder un tuit de Luis Caputo.<\/p>\n\n\n\n<h2 class=\"wp-block-heading\">La cr\u00edtica de Luis Caputo por el aumento de Ingresos Brutos en las provincias<\/h2>\n\n\n\n<p><strong>Luis Caputo&nbsp;<\/strong>asegur\u00f3 que \u201ceste gobierno vino a bajar impuestos\u201d pero que para ello y producto del \u201cdesastre heredado y nuestro p\u00e9simo historial crediticio\u201d, es necesario el super\u00e1vit fiscal.<\/p>\n\n\n\n<p>Agreg\u00f3 que diariamente se analiza la situaci\u00f3n financiera del pa\u00eds en miras de ese objetivo: la&nbsp;<strong>baja de los impuestos<\/strong>&nbsp;y que se har\u00e1 el \u201cmayor esfuerzo posible pero sin comprometer la estabilidad macroecon\u00f3mica\u201d.<\/p>\n\n\n\n<p>Tras ese repaso, invit\u00f3 a las provincias y a los municipios a sumarse y dispar\u00f3 que, no solo no se han visto provincias reduciendo<strong>&nbsp;Ingresos Brutos<\/strong>, sino que muchas lo han subido, \u201cy algunas a niveles aberrantes\u201d.<\/p>\n\n\n\n<p>En ese discurso por redes, trat\u00f3 de estafadores a los Municipios que impusieron tasas que no tienen ninguna correlaci\u00f3n con las prestaciones que brindan a los vecinos.<\/p>\n\n\n\n<p>Y cerr\u00f3 deseando que \u201cojal\u00e1 seamos cada vez m\u00e1s los que entendamos que la forma m\u00e1s saludable para&nbsp;<strong>bajar impuestos<\/strong>&nbsp;es bajando el exorbitante nivel de gastos que a\u00fan hoy algunas provincias y municipios tienen\u201d.<\/p>\n\n\n\n<h2 class=\"wp-block-heading\">La defensa de Lisandro Nieri al camino elegido por Mendoza en Ingresos Brutos<\/h2>\n\n\n\n<p>Ya el ministro de Hacienda de Mendoza,\u00a0<strong>V\u00edctor Fayad<\/strong>, se hab\u00eda pronunciado sobre la suba de IIBB\u00a0que se vio en algunas categor\u00edas: &#8220;La al\u00edcuota de\u00a0<strong>Ingresos Brutos<\/strong>\u00a0para servicios va entre 2,5% y 5%. Lo pronunciado del salto en 2025 equivale a lo planchado de a\u00f1os anteriores&#8221;, argument\u00f3.<\/p>\n\n\n\n<p>En ese momento, agreg\u00f3 que se trata de una actualizaci\u00f3n en la que, de todas maneras, &#8220;los montos son menores que en otras provincias y las al\u00edcuotas efectivas inferiores a los inscriptos, sin considerar todo lo que no facturan&#8221;.<\/p>\n\n\n\n<p>Seg\u00fan su criterio, pasaron varios a\u00f1os con subas por debajo de la inflaci\u00f3n y \u201cen alg\u00fan momento deb\u00edan adecuarse montos&#8221;.<\/p>\n\n\n\n<p>El diputado nacional Nieri, en tanto, tom\u00f3 el tuit de Caputo para profundizar la explicaci\u00f3n sobre las decisiones impositivas que adopt\u00f3 Mendoza desde la primera gesti\u00f3n de Cornejo.<\/p>\n\n\n\n<p>&#8220;Totalmente de acuerdo con Luis Caputo. Solo bajando el gasto p\u00fablico se puede disminuir la presi\u00f3n impositiva de manera sostenible\u201d, opin\u00f3 Nieri.<\/p>\n\n\n\n<p>Y fue entonces cuando marc\u00f3 la posici\u00f3n mendocina contradiciendo al ministro: \u201cMendoza, por el camino de reducci\u00f3n del gasto iniciado en diciembre 2015,\u00a0<strong>s\u00ed pudo ir bajando IIBB\u00a0<\/strong>desde el absurdo que alcanz\u00f3 en ese a\u00f1o&#8221;.<\/p>\n\n\n\n<p><strong>Fuente: www.diariouno.com.ar<\/strong><\/p>\n","protected":false},"excerpt":{"rendered":"<p>El diputado nacional por Mendoza Lisandro Nieri (UCR) le record\u00f3 al ministro de Econom\u00eda Luis Caputo que Mendoza aplic\u00f3 una pol\u00edtica de baja del impuesto\u00a0Ingresos Brutos\u00a0desde la primera gobernaci\u00f3n de Alfredo Cornejo. Lo hizo luego de que el funcionario dijera que &#8220;no hemos visto a ninguna provincia reducir IIBB\u201d. Luis Caputo&nbsp;carg\u00f3 contra gobernadores e intendentes [&hellip;]<\/p>\n","protected":false},"author":2,"featured_media":11187,"comment_status":"open","ping_status":"open","sticky":false,"template":"","format":"standard","meta":[],"categories":[47],"tags":[],"_links":{"self":[{"href":"https:\/\/pasaenmendoza.com\/index.php?rest_route=\/wp\/v2\/posts\/11186"}],"collection":[{"href":"https:\/\/pasaenmendoza.com\/index.php?rest_route=\/wp\/v2\/posts"}],"about":[{"href":"https:\/\/pasaenmendoza.com\/index.php?rest_route=\/wp\/v2\/types\/post"}],"author":[{"embeddable":true,"href":"https:\/\/pasaenmendoza.com\/index.php?rest_route=\/wp\/v2\/users\/2"}],"replies":[{"embeddable":true,"href":"https:\/\/pasaenmendoza.com\/index.php?rest_route=%2Fwp%2Fv2%2Fcomments&post=11186"}],"version-history":[{"count":1,"href":"https:\/\/pasaenmendoza.com\/index.php?rest_route=\/wp\/v2\/posts\/11186\/revisions"}],"predecessor-version":[{"id":11188,"href":"https:\/\/pasaenmendoza.com\/index.php?rest_route=\/wp\/v2\/posts\/11186\/revisions\/11188"}],"wp:featuredmedia":[{"embeddable":true,"href":"https:\/\/pasaenmendoza.com\/index.php?rest_route=\/wp\/v2\/media\/11187"}],"wp:attachment":[{"href":"https:\/\/pasaenmendoza.com\/index.php?rest_route=%2Fwp%2Fv2%2Fmedia&parent=11186"}],"wp:term":[{"taxonomy":"category","embeddable":true,"href":"https:\/\/pasaenmendoza.com\/index.php?rest_route=%2Fwp%2Fv2%2Fcategories&post=11186"},{"taxonomy":"post_tag","embeddable":true,"href":"https:\/\/pasaenmendoza.com\/index.php?rest_route=%2Fwp%2Fv2%2Ftags&post=11186"}],"curies":[{"name":"wp","href":"https:\/\/api.w.org\/{rel}","templated":true}]}}