{"id":11189,"date":"2025-01-22T21:26:18","date_gmt":"2025-01-22T20:26:18","guid":{"rendered":"https:\/\/pasaenmendoza.com\/?p=11189"},"modified":"2025-01-22T21:26:19","modified_gmt":"2025-01-22T20:26:19","slug":"a-la-espera-de-karina-milei-mechi-llano-se-mostro-en-contra-de-un-frente-liberal-con-cornejo","status":"publish","type":"post","link":"https:\/\/pasaenmendoza.com\/?p=11189","title":{"rendered":"A la espera de Karina Milei, Mechi Llano se mostr\u00f3 en contra de un frente liberal con Cornejo"},"content":{"rendered":"\n<p>En un a\u00f1o clave para la consolidaci\u00f3n de un frente libertario en las elecciones legislativas,<strong>\u00a0Karina Milei<\/strong>\u00a0desembarcar\u00e1 en Mendoza en febrero con la expectativa de construir alianzas y tentar al\u00a0<strong>radicalismo\u00a0<\/strong>local. Sin embargo, una de las referentes liberales en la provincia, la diputada\u00a0<strong>Mercedes Llano (PD)<\/strong>\u00a0rechaz\u00f3 la idea de que el gobernador Alfredo Cornejo sea parte de este armado electoral.<\/p>\n\n\n\n<p>&#8220;Nosotros estamos trabajando para mantener firme un espacio\u00a0<strong>netamente liberal-conservador<\/strong>\u00a0que hist\u00f3ricamente ha sido fundamental para el progreso de Mendoza y para asegurar el equilibrio de poderes y elevar la calidad institucional. Defendemos un modelo liberal, en lo pol\u00edtico y en lo econ\u00f3mico, que est\u00e1 en las ant\u00edpodas del modelo intervencionista y caudillista instrumentado por los gobiernos cornejistas&#8221;, solt\u00f3 la referente del\u00a0<strong>Partido Dem\u00f3crata<\/strong>\u00a0en declaraciones.<\/p>\n\n\n\n<p>Y argument\u00f3 su postura sobre la posibilidad de que el\u00a0<strong>radicalismo\u00a0<\/strong>est\u00e9 en ese armado: &#8220;Es un gobierno que se puso el traje progresista cuando gobernaban los k y que hoy discursivamente se disfraza de liberal para colgarse de los logros del gobierno de Milei. Creemos que la cohesi\u00f3n de las ideas, valores y principios y su demostrada sostenibilidad a lo largo del tiempo deben ser condicionantes para la conformaci\u00f3n de alianzas. Mendoza necesita un gobierno netamente liberal para sacarla del estancamiento econ\u00f3mico y la decadencia institucional en la que nos han sumido la alternancia de gobiernos kirchneristas y cornejistas&#8221;.<\/p>\n\n\n\n<h2 class=\"wp-block-heading\"><strong>A favor de la eliminaci\u00f3n de las PASO y en contra del desdoblamiento<\/strong><\/h2>\n\n\n\n<p>Mientras se aguarda el inicio de las sesiones extraordinarias en el Congreso Nacional,&nbsp;<strong>Llano&nbsp;<\/strong>se mostr\u00f3 a favor de acompa\u00f1ar el proyecto de Milei de la eliminaci\u00f3n de las Elecciones Primarias, Abiertas y Simult\u00e1neas (PASO), algo que no convence del todo al oficialismo de Mendoza.<\/p>\n\n\n\n<p>El gobernador Alfredo Cornejo dijo hace algunos d\u00edas que el argumento econ\u00f3mico no es suficiente para&nbsp;<strong>eliminar las PASO<\/strong>.<\/p>\n\n\n\n<p>&#8220;La disrupci\u00f3n mile\u00edsta abarca los planos econ\u00f3mico, cultural y pol\u00edtico. Justamente, uno de los n\u00facleos centrales de temas a tratar en extraordinarias es el de la reforma pol\u00edtica integral, incluyendo ficha limpia, financiamiento de partidos y eliminaci\u00f3n de las PASO. Desde el&nbsp;<strong>Partido Dem\u00f3crata<\/strong>&nbsp;estamos de acuerdo con estas transformaciones. En primer lugar, ficha limpia busca garantizar que candidatos a cargos electivos y ocupantes de puestos pol\u00edticos en el ejecutivo tengan un historial libre de<strong>&nbsp;corrupci\u00f3n<\/strong>, mal end\u00e9mico que asedia nuestro sistema pol\u00edtico&#8221;, sostuvo la diputada nacional.<\/p>\n\n\n\n<p>Adem\u00e1s, recalc\u00f3 que estas reformas entra\u00f1an un cambio de concepci\u00f3n que procura erradicar la intromisi\u00f3n del Estado en los procesos de selecci\u00f3n internos de las&nbsp;<strong>candidaturas&nbsp;<\/strong>y en su sostenimiento econ\u00f3mico.<\/p>\n\n\n\n<p>El oficialismo en Mendoza defendi\u00f3 la realizaci\u00f3n de las PASO para las elecciones de este a\u00f1o.<\/p>\n\n\n\n<p>&#8220;Son los propios partidos, no los ciudadanos, los que deben solventar su vida interna. Estamos totalmente de acuerdo con la\u00a0<strong>eliminaci\u00f3n de las PASO<\/strong>. Son un engendro inventado por el kirchnerismo que s\u00f3lo genera gastos excesivos, par\u00e1lisis institucional, hartazgo social. Carece absolutamente de sentido cuando no hay competencia en el seno de los partidos, reduciendo su rol al de una encuesta&#8221;, dispar\u00f3.<\/p>\n\n\n\n<p><strong>Fuente: www.diariouno.com.ar<\/strong><\/p>\n","protected":false},"excerpt":{"rendered":"<p>En un a\u00f1o clave para la consolidaci\u00f3n de un frente libertario en las elecciones legislativas,\u00a0Karina Milei\u00a0desembarcar\u00e1 en Mendoza en febrero con la expectativa de construir alianzas y tentar al\u00a0radicalismo\u00a0local. Sin embargo, una de las referentes liberales en la provincia, la diputada\u00a0Mercedes Llano (PD)\u00a0rechaz\u00f3 la idea de que el gobernador Alfredo Cornejo sea parte de este [&hellip;]<\/p>\n","protected":false},"author":2,"featured_media":11190,"comment_status":"open","ping_status":"open","sticky":false,"template":"","format":"standard","meta":[],"categories":[47],"tags":[],"_links":{"self":[{"href":"https:\/\/pasaenmendoza.com\/index.php?rest_route=\/wp\/v2\/posts\/11189"}],"collection":[{"href":"https:\/\/pasaenmendoza.com\/index.php?rest_route=\/wp\/v2\/posts"}],"about":[{"href":"https:\/\/pasaenmendoza.com\/index.php?rest_route=\/wp\/v2\/types\/post"}],"author":[{"embeddable":true,"href":"https:\/\/pasaenmendoza.com\/index.php?rest_route=\/wp\/v2\/users\/2"}],"replies":[{"embeddable":true,"href":"https:\/\/pasaenmendoza.com\/index.php?rest_route=%2Fwp%2Fv2%2Fcomments&post=11189"}],"version-history":[{"count":1,"href":"https:\/\/pasaenmendoza.com\/index.php?rest_route=\/wp\/v2\/posts\/11189\/revisions"}],"predecessor-version":[{"id":11191,"href":"https:\/\/pasaenmendoza.com\/index.php?rest_route=\/wp\/v2\/posts\/11189\/revisions\/11191"}],"wp:featuredmedia":[{"embeddable":true,"href":"https:\/\/pasaenmendoza.com\/index.php?rest_route=\/wp\/v2\/media\/11190"}],"wp:attachment":[{"href":"https:\/\/pasaenmendoza.com\/index.php?rest_route=%2Fwp%2Fv2%2Fmedia&parent=11189"}],"wp:term":[{"taxonomy":"category","embeddable":true,"href":"https:\/\/pasaenmendoza.com\/index.php?rest_route=%2Fwp%2Fv2%2Fcategories&post=11189"},{"taxonomy":"post_tag","embeddable":true,"href":"https:\/\/pasaenmendoza.com\/index.php?rest_route=%2Fwp%2Fv2%2Ftags&post=11189"}],"curies":[{"name":"wp","href":"https:\/\/api.w.org\/{rel}","templated":true}]}}