{"id":11192,"date":"2025-01-22T21:30:39","date_gmt":"2025-01-22T20:30:39","guid":{"rendered":"https:\/\/pasaenmendoza.com\/?p=11192"},"modified":"2025-01-22T21:30:40","modified_gmt":"2025-01-22T20:30:40","slug":"aumentaron-los-casos-de-dengue-en-mendoza-estas-son-las-zonas-afectadas","status":"publish","type":"post","link":"https:\/\/pasaenmendoza.com\/?p=11192","title":{"rendered":"Aumentaron los casos de dengue en Mendoza: estas son las zonas afectadas"},"content":{"rendered":"\n<p>El Ministerio de Salud pidi\u00f3 a los mendocinos que no bajen la guardia respecto al dengue. Si bien las cifras de la enfermedad tienen estabilidad en la provincia, respecto al panorama que se esperaba en todo el pa\u00eds,<strong>&nbsp;los datos muestran un leve repunte en los contagios.<\/strong><\/p>\n\n\n\n<p>Seg\u00fan el\u00a0<strong>nuevo informe epidemiol\u00f3gico<\/strong>\u00a0al\u00a0que comprende desde la semana 32 hasta la actualidad,\u00a0<strong>Mendoza ha reflejado un crecimiento de casos de dengue\u00a0<\/strong>respecto a la anterior medici\u00f3n.<\/p>\n\n\n\n<p>De 8 casos confirmados (6 casos aut\u00f3ctonos y dos casos importados) que se registraron hasta el 14 de diciembre del 2024,&nbsp;<strong>en este nuevo periodo se han contabilizado 11 casos&nbsp;<\/strong>(2 importados, 1 en investigaci\u00f3n , 8 aut\u00f3ctonos).<\/p>\n\n\n\n<p>Con esta cifra,\u00a0el ministro de Salud de Mendoza,\u00a0<strong>Rodolfo Montero<\/strong>, puso en alerta a los mendocinos que vacacionan en Brasil, teniendo en cuenta el alto \u00edndice de contagios en el vecino pa\u00eds.<\/p>\n\n\n\n<p>\u201c<em>Quienes vuelven de sus vacaciones con s\u00edntomas como fiebre, dolor corporal de cabeza o manchas en la piel, usar repelente las 24 horas y consultar inmediatamente en el centro de salud m\u00e1s cercano o con su m\u00e9dico de confianza\u201d,&nbsp;<\/em>recalc\u00f3 el funcionario.<\/p>\n\n\n\n<p>Respecto a&nbsp;<strong>las zonas en las que se han registrado los contagios,<\/strong>&nbsp;la titular de Epidemiolog\u00eda de Mendoza,&nbsp;<strong>Andrea Falaschi,<\/strong>&nbsp;indic\u00f3 que<strong>&nbsp;contin\u00faa en alerta la zona del Gran Mendoza<\/strong>, siendo Guaymall\u00e9n, Godoy Cruz, Luj\u00e1n de Cuyo, Ciudad y Maip\u00fa los departamentos m\u00e1s afectados.<\/p>\n\n\n\n<h2 class=\"wp-block-heading\" id=\"h-recomendaciones-a-tener-en-cuenta\">Recomendaciones a tener en cuenta<\/h2>\n\n\n\n<p>Si bien la situaci\u00f3n est\u00e1 controlada en Mendoza, las autoridades piden reforzar todas las medidas de prevenci\u00f3n. Entre las que se destacan:<\/p>\n\n\n\n<ul>\n<li>Eliminar los objetos en desuso que puedan acumular agua (latas, botellas, neum\u00e1ticos, lona, bidones cortados, entre otros).<\/li>\n\n\n\n<li>Poner boca abajo baldes, palanganas y bidones.<\/li>\n\n\n\n<li>Tapar los tanques y recipientes para recolectar agua.<\/li>\n\n\n\n<li>Rellenar floreros y portamacetas con arena o tierra.<\/li>\n\n\n\n<li>Vaciar los colectores de desag\u00fces de aire acondicionado o lluvia.<\/li>\n\n\n\n<li>Destapar los desag\u00fces de lluvia y canaletas.<\/li>\n\n\n\n<li>Cepillar el bebedero de tu mascota frecuentemente.<\/li>\n\n\n\n<li>Mantener patios y jardines desmalezados.<\/li>\n\n\n\n<li>Colocar mosquiteros en puertas y ventanas.<\/li>\n\n\n\n<li>Otras enfermedades transmitidas por el mosquito.<\/li>\n<\/ul>\n\n\n\n<p><strong>Fuente: www.elsol.com.ar<\/strong><\/p>\n","protected":false},"excerpt":{"rendered":"<p>El Ministerio de Salud pidi\u00f3 a los mendocinos que no bajen la guardia respecto al dengue. Si bien las cifras de la enfermedad tienen estabilidad en la provincia, respecto al panorama que se esperaba en todo el pa\u00eds,&nbsp;los datos muestran un leve repunte en los contagios. Seg\u00fan el\u00a0nuevo informe epidemiol\u00f3gico\u00a0al\u00a0que comprende desde la semana 32 [&hellip;]<\/p>\n","protected":false},"author":2,"featured_media":11193,"comment_status":"open","ping_status":"open","sticky":false,"template":"","format":"standard","meta":[],"categories":[50],"tags":[],"_links":{"self":[{"href":"https:\/\/pasaenmendoza.com\/index.php?rest_route=\/wp\/v2\/posts\/11192"}],"collection":[{"href":"https:\/\/pasaenmendoza.com\/index.php?rest_route=\/wp\/v2\/posts"}],"about":[{"href":"https:\/\/pasaenmendoza.com\/index.php?rest_route=\/wp\/v2\/types\/post"}],"author":[{"embeddable":true,"href":"https:\/\/pasaenmendoza.com\/index.php?rest_route=\/wp\/v2\/users\/2"}],"replies":[{"embeddable":true,"href":"https:\/\/pasaenmendoza.com\/index.php?rest_route=%2Fwp%2Fv2%2Fcomments&post=11192"}],"version-history":[{"count":1,"href":"https:\/\/pasaenmendoza.com\/index.php?rest_route=\/wp\/v2\/posts\/11192\/revisions"}],"predecessor-version":[{"id":11194,"href":"https:\/\/pasaenmendoza.com\/index.php?rest_route=\/wp\/v2\/posts\/11192\/revisions\/11194"}],"wp:featuredmedia":[{"embeddable":true,"href":"https:\/\/pasaenmendoza.com\/index.php?rest_route=\/wp\/v2\/media\/11193"}],"wp:attachment":[{"href":"https:\/\/pasaenmendoza.com\/index.php?rest_route=%2Fwp%2Fv2%2Fmedia&parent=11192"}],"wp:term":[{"taxonomy":"category","embeddable":true,"href":"https:\/\/pasaenmendoza.com\/index.php?rest_route=%2Fwp%2Fv2%2Fcategories&post=11192"},{"taxonomy":"post_tag","embeddable":true,"href":"https:\/\/pasaenmendoza.com\/index.php?rest_route=%2Fwp%2Fv2%2Ftags&post=11192"}],"curies":[{"name":"wp","href":"https:\/\/api.w.org\/{rel}","templated":true}]}}