{"id":11195,"date":"2025-01-22T21:36:59","date_gmt":"2025-01-22T20:36:59","guid":{"rendered":"https:\/\/pasaenmendoza.com\/?p=11195"},"modified":"2025-01-22T21:37:00","modified_gmt":"2025-01-22T20:37:00","slug":"vuelve-el-tren-a-mendoza-detalles-del-tren-solidario-que-pasara-por-la-provincia","status":"publish","type":"post","link":"https:\/\/pasaenmendoza.com\/?p=11195","title":{"rendered":"Vuelve el Tren a Mendoza: detalles del Tren Solidario que pasar\u00e1 por la provincia"},"content":{"rendered":"\n<p>Desde abril de 2001, el\u00a0<strong>Tren Solidario<\/strong>\u00a0ha recorrido el pa\u00eds llevando solidaridad a comunidades necesitadas. Nacido de una iniciativa de Rieles Multimedio y sus colaboradores, este proyecto, que inicialmente enfrent\u00f3 desaf\u00edos burocr\u00e1ticos y escepticismo, se consolid\u00f3 gracias al apoyo de la comunidad, empresas privadas y organismos gubernamentales.\u00a0<\/p>\n\n\n\n<p><strong>Su objetivo principal es conectar a\u00a0diferentes regiones argentinas, utilizando el tren como s\u00edmbolo de uni\u00f3n y llevando ayuda a quienes m\u00e1s lo necesitan, promoviendo a su vez la reactivaci\u00f3n del servicio de pasajeros en zonas desatendidas.<\/strong><\/p>\n\n\n\n<p>El pr\u00f3ximo viaje, que comienza el 27 de febrero, representa una nueva etapa en esta larga trayectoria de ayuda. Con destino a San Juan, el Tren Solidario partir\u00e1 desde Buenos Aires, conectando diversas localidades a lo largo de su recorrido.\u00a0<\/p>\n\n\n\n<p>El viaje, que durar\u00e1 varios d\u00edas, incluir\u00e1 paradas en diferentes puntos de las provincias de Buenos Aires, Santa Fe, C\u00f3rdoba, San Luis y Mendoza. En Mendoza, el tren har\u00e1 varias paradas por La Paz, San Mart\u00edn, Palmira y Fray Luis Beltr\u00e1n, reactivando, si bien sea temporalmente, el servicio de pasajeros en una ruta que ha estado inactiva desde mayo del a\u00f1o pasado. Esta reactivaci\u00f3n simboliza la esperanza de una mayor conectividad y acceso a servicios esenciales en zonas rurales.<\/p>\n\n\n\n<p>Para participar en este viaje solidario, los interesados deben realizar una donaci\u00f3n de 20 kilos de mercader\u00eda no perecedera, alimentos o art\u00edculos de primera necesidad. A cambio, recibir\u00e1n un pasaje gratuito. Esta iniciativa promueve la colaboraci\u00f3n comunitaria y la ayuda mutua, transformando el viaje en una experiencia significativa para quienes participan.<\/p>\n\n\n\n<p><strong>Fuente: www.diariomendoza.com.ar<\/strong><\/p>\n\n\n\n<p><\/p>\n","protected":false},"excerpt":{"rendered":"<p>Desde abril de 2001, el\u00a0Tren Solidario\u00a0ha recorrido el pa\u00eds llevando solidaridad a comunidades necesitadas. Nacido de una iniciativa de Rieles Multimedio y sus colaboradores, este proyecto, que inicialmente enfrent\u00f3 desaf\u00edos burocr\u00e1ticos y escepticismo, se consolid\u00f3 gracias al apoyo de la comunidad, empresas privadas y organismos gubernamentales.\u00a0 Su objetivo principal es conectar a\u00a0diferentes regiones argentinas, utilizando [&hellip;]<\/p>\n","protected":false},"author":2,"featured_media":11196,"comment_status":"open","ping_status":"open","sticky":false,"template":"","format":"standard","meta":[],"categories":[50],"tags":[],"_links":{"self":[{"href":"https:\/\/pasaenmendoza.com\/index.php?rest_route=\/wp\/v2\/posts\/11195"}],"collection":[{"href":"https:\/\/pasaenmendoza.com\/index.php?rest_route=\/wp\/v2\/posts"}],"about":[{"href":"https:\/\/pasaenmendoza.com\/index.php?rest_route=\/wp\/v2\/types\/post"}],"author":[{"embeddable":true,"href":"https:\/\/pasaenmendoza.com\/index.php?rest_route=\/wp\/v2\/users\/2"}],"replies":[{"embeddable":true,"href":"https:\/\/pasaenmendoza.com\/index.php?rest_route=%2Fwp%2Fv2%2Fcomments&post=11195"}],"version-history":[{"count":1,"href":"https:\/\/pasaenmendoza.com\/index.php?rest_route=\/wp\/v2\/posts\/11195\/revisions"}],"predecessor-version":[{"id":11197,"href":"https:\/\/pasaenmendoza.com\/index.php?rest_route=\/wp\/v2\/posts\/11195\/revisions\/11197"}],"wp:featuredmedia":[{"embeddable":true,"href":"https:\/\/pasaenmendoza.com\/index.php?rest_route=\/wp\/v2\/media\/11196"}],"wp:attachment":[{"href":"https:\/\/pasaenmendoza.com\/index.php?rest_route=%2Fwp%2Fv2%2Fmedia&parent=11195"}],"wp:term":[{"taxonomy":"category","embeddable":true,"href":"https:\/\/pasaenmendoza.com\/index.php?rest_route=%2Fwp%2Fv2%2Fcategories&post=11195"},{"taxonomy":"post_tag","embeddable":true,"href":"https:\/\/pasaenmendoza.com\/index.php?rest_route=%2Fwp%2Fv2%2Ftags&post=11195"}],"curies":[{"name":"wp","href":"https:\/\/api.w.org\/{rel}","templated":true}]}}