{"id":11198,"date":"2025-01-23T13:53:36","date_gmt":"2025-01-23T12:53:36","guid":{"rendered":"https:\/\/pasaenmendoza.com\/?p=11198"},"modified":"2025-01-23T13:53:37","modified_gmt":"2025-01-23T12:53:37","slug":"alerta-por-tormentas-y-calor-sofocante-en-el-gran-mendoza-asi-estara-el-tiempo","status":"publish","type":"post","link":"https:\/\/pasaenmendoza.com\/?p=11198","title":{"rendered":"Alerta por tormentas y calor sofocante en el Gran Mendoza: as\u00ed estar\u00e1 el tiempo"},"content":{"rendered":"\n<p>La jornada estar\u00e1 marcada por el alerta que emiti\u00f3 el Servicio Meteorol\u00f3gico Nacional en el que inform\u00f3 sobre la gran probabilidad de que Mendoza est\u00e9 afectada por tormentas hacia la tarde.<\/p>\n\n\n\n<p>Luego del calor intenso del mi\u00e9rcoles, se estima que este jueves se presente un \u201ccalor intenso a sofocante\u201d con nubosidad variada.<\/p>\n\n\n\n<p>La temperatura m\u00ednima esperada ser\u00e1 de 21\u00b0C y la m\u00e1xima ser\u00e1 de 37\u00b0C.<\/p>\n\n\n\n<p>Las tormentas afectar\u00e1n hacia la tarde noche a la zona del Gran Mendoza y tambi\u00e9n al Sur y al Este provincial, seg\u00fan el SMN.<\/p>\n\n\n\n<p><strong>Fuente: www.elsol.com.ar<\/strong><\/p>\n","protected":false},"excerpt":{"rendered":"<p>La jornada estar\u00e1 marcada por el alerta que emiti\u00f3 el Servicio Meteorol\u00f3gico Nacional en el que inform\u00f3 sobre la gran probabilidad de que Mendoza est\u00e9 afectada por tormentas hacia la tarde. Luego del calor intenso del mi\u00e9rcoles, se estima que este jueves se presente un \u201ccalor intenso a sofocante\u201d con nubosidad variada. La temperatura m\u00ednima [&hellip;]<\/p>\n","protected":false},"author":2,"featured_media":11199,"comment_status":"open","ping_status":"open","sticky":false,"template":"","format":"standard","meta":[],"categories":[52],"tags":[],"_links":{"self":[{"href":"https:\/\/pasaenmendoza.com\/index.php?rest_route=\/wp\/v2\/posts\/11198"}],"collection":[{"href":"https:\/\/pasaenmendoza.com\/index.php?rest_route=\/wp\/v2\/posts"}],"about":[{"href":"https:\/\/pasaenmendoza.com\/index.php?rest_route=\/wp\/v2\/types\/post"}],"author":[{"embeddable":true,"href":"https:\/\/pasaenmendoza.com\/index.php?rest_route=\/wp\/v2\/users\/2"}],"replies":[{"embeddable":true,"href":"https:\/\/pasaenmendoza.com\/index.php?rest_route=%2Fwp%2Fv2%2Fcomments&post=11198"}],"version-history":[{"count":1,"href":"https:\/\/pasaenmendoza.com\/index.php?rest_route=\/wp\/v2\/posts\/11198\/revisions"}],"predecessor-version":[{"id":11200,"href":"https:\/\/pasaenmendoza.com\/index.php?rest_route=\/wp\/v2\/posts\/11198\/revisions\/11200"}],"wp:featuredmedia":[{"embeddable":true,"href":"https:\/\/pasaenmendoza.com\/index.php?rest_route=\/wp\/v2\/media\/11199"}],"wp:attachment":[{"href":"https:\/\/pasaenmendoza.com\/index.php?rest_route=%2Fwp%2Fv2%2Fmedia&parent=11198"}],"wp:term":[{"taxonomy":"category","embeddable":true,"href":"https:\/\/pasaenmendoza.com\/index.php?rest_route=%2Fwp%2Fv2%2Fcategories&post=11198"},{"taxonomy":"post_tag","embeddable":true,"href":"https:\/\/pasaenmendoza.com\/index.php?rest_route=%2Fwp%2Fv2%2Ftags&post=11198"}],"curies":[{"name":"wp","href":"https:\/\/api.w.org\/{rel}","templated":true}]}}