{"id":1120,"date":"2023-09-01T12:17:00","date_gmt":"2023-09-01T10:17:00","guid":{"rendered":"https:\/\/pasaenmendoza.com\/?p=1120"},"modified":"2023-09-01T12:17:01","modified_gmt":"2023-09-01T10:17:01","slug":"no-te-enfermes-esto-deberas-pagar-por-una-consulta-en-mendoza","status":"publish","type":"post","link":"https:\/\/pasaenmendoza.com\/?p=1120","title":{"rendered":"No te enfermes: esto deber\u00e1s pagar por una consulta en Mendoza"},"content":{"rendered":"\n<p>&#8220;Tengo\u00a0<strong>obra social<\/strong>. El mi\u00e9rcoles de esta semana tuve que abonar $1500 pesos de\u00a0<strong>coseguro<\/strong>\u00a0en una\u00a0<strong>consulta pedi\u00e1trica<\/strong>\u00a0y el jueves pagu\u00e9 $2500 en el dentista.\u00a0 Una locura total&#8221;. Este testimonio, de una madre de un ni\u00f1o de 7 a\u00f1os, representa la realidad que viven cientos de mendocinos al momento de requerir alguna atenci\u00f3n m\u00e9dica en nuestra provincia. Sin embargo, septiembre llega con otra noticia que complica todav\u00eda m\u00e1s las cosas.\u00a0<\/p>\n\n\n\n<p>Es que desde este viernes 1 de septiembre,\u00a0<strong>m\u00e9dicos<\/strong>\u00a0especialistas de\u00a0<strong>distintas asociaciones de Mendoza\u00a0<\/strong>informaron\u00a0que la\u00a0<strong>atenci\u00f3n m\u00e9dica<\/strong>\u00a0se abonar\u00e1 de manera particular: es decir, que\u00a0saldr\u00e1 alrededor de $6000 pesos\u00a0-y de $8.000 para psiquiatr\u00eda-.<\/p>\n\n\n\n<p>Los profesionales de la salud afirmaron que lo que perciben de las\u00a0<strong>obras sociales<\/strong>\u00a0y\u00a0<strong>prepagas<\/strong>\u00a0no les alcanza para cubrir la evoluci\u00f3n de sus gastos y apuntan a las demoras en el cobro de las prestaciones en el \u00e1mbito privado.\u00a0 Reclaman que cobran actualmente unos $2500 o $3000 por consulta en promedio, y con una demora de m\u00e1s tres meses. Los retrasos en los pagos de las empresas privadas a los\u00a0<strong>m\u00e9dicos<\/strong>\u00a0se suman al aumento de los insumos.<\/p>\n\n\n\n<p>Esta situaci\u00f3n genera incertidumbre, no solo en cientos de pacientes de toda la provincia sino tambi\u00e9n en cl\u00ednicas y consultorios. Por esto, el\u00a0<strong>Post<\/strong>\u00a0habl\u00f3 con\u00a0<strong>Cristian Palomba<\/strong>, m\u00e9dico ginec\u00f3logo y obstetra, vicepresidente de Ginec\u00f3logos Unidos de Mendoza, para conocer los detalles de esta situaci\u00f3n<\/p>\n\n\n\n<p><strong>El reclamo de los especialistas<\/strong><\/p>\n\n\n\n<p><strong>Palomba<\/strong>\u00a0explic\u00f3 que la iniciativa inicial consist\u00eda en instaurar un sistema de coseguros en colaboraci\u00f3n con las prepagas, con el objetivo de que las mismas pagaran la consulta m\u00e9dica y los pacientes abonaran un coseguro adicional de alrededor de $3000 pesos. Este esfuerzo buscaba ajustar el valor establecido para las consultas, que todas las asociaciones m\u00e9dicas hab\u00edan acordado en $6000 pesos.\u00a0 &#8220;El tema de los coseguros fue lo primero que intentamos solicitarle a las prepagas. Sin embargo, \u00e9stas se negaron a establecer este sistema, debido a los convenios firmados con las cl\u00ednicas que proh\u00edben cobrar el copago. Ante esta situaci\u00f3n, hemos decidido dar de baja las consultas de los convenios y comenzar a cobrar la consulta de manera particular&#8221;, coment\u00f3.<\/p>\n\n\n\n<p>FUENTE: Memdozapost.<\/p>\n","protected":false},"excerpt":{"rendered":"<p>&#8220;Tengo\u00a0obra social. El mi\u00e9rcoles de esta semana tuve que abonar $1500 pesos de\u00a0coseguro\u00a0en una\u00a0consulta pedi\u00e1trica\u00a0y el jueves pagu\u00e9 $2500 en el dentista.\u00a0 Una locura total&#8221;. Este testimonio, de una madre de un ni\u00f1o de 7 a\u00f1os, representa la realidad que viven cientos de mendocinos al momento de requerir alguna atenci\u00f3n m\u00e9dica en nuestra provincia. Sin [&hellip;]<\/p>\n","protected":false},"author":2,"featured_media":1121,"comment_status":"open","ping_status":"open","sticky":true,"template":"","format":"standard","meta":[],"categories":[58],"tags":[],"_links":{"self":[{"href":"https:\/\/pasaenmendoza.com\/index.php?rest_route=\/wp\/v2\/posts\/1120"}],"collection":[{"href":"https:\/\/pasaenmendoza.com\/index.php?rest_route=\/wp\/v2\/posts"}],"about":[{"href":"https:\/\/pasaenmendoza.com\/index.php?rest_route=\/wp\/v2\/types\/post"}],"author":[{"embeddable":true,"href":"https:\/\/pasaenmendoza.com\/index.php?rest_route=\/wp\/v2\/users\/2"}],"replies":[{"embeddable":true,"href":"https:\/\/pasaenmendoza.com\/index.php?rest_route=%2Fwp%2Fv2%2Fcomments&post=1120"}],"version-history":[{"count":1,"href":"https:\/\/pasaenmendoza.com\/index.php?rest_route=\/wp\/v2\/posts\/1120\/revisions"}],"predecessor-version":[{"id":1122,"href":"https:\/\/pasaenmendoza.com\/index.php?rest_route=\/wp\/v2\/posts\/1120\/revisions\/1122"}],"wp:featuredmedia":[{"embeddable":true,"href":"https:\/\/pasaenmendoza.com\/index.php?rest_route=\/wp\/v2\/media\/1121"}],"wp:attachment":[{"href":"https:\/\/pasaenmendoza.com\/index.php?rest_route=%2Fwp%2Fv2%2Fmedia&parent=1120"}],"wp:term":[{"taxonomy":"category","embeddable":true,"href":"https:\/\/pasaenmendoza.com\/index.php?rest_route=%2Fwp%2Fv2%2Fcategories&post=1120"},{"taxonomy":"post_tag","embeddable":true,"href":"https:\/\/pasaenmendoza.com\/index.php?rest_route=%2Fwp%2Fv2%2Ftags&post=1120"}],"curies":[{"name":"wp","href":"https:\/\/api.w.org\/{rel}","templated":true}]}}