{"id":11204,"date":"2025-01-23T14:01:49","date_gmt":"2025-01-23T13:01:49","guid":{"rendered":"https:\/\/pasaenmendoza.com\/?p=11204"},"modified":"2025-01-23T14:01:50","modified_gmt":"2025-01-23T13:01:50","slug":"manejaba-altamente-alcoholizado-se-cruzo-de-carril-y-choco-a-una-camioneta-en-lujan-de-cuyo","status":"publish","type":"post","link":"https:\/\/pasaenmendoza.com\/?p=11204","title":{"rendered":"Manejaba altamente alcoholizado, se cruz\u00f3 de carril y choc\u00f3 a una camioneta en Luj\u00e1n de Cuyo"},"content":{"rendered":"\n<p>Un conductor de 55 a\u00f1os manejaba\u00a0<strong>alcoholizado\u00a0<\/strong>en una\u00a0<strong>camioneta\u00a0<\/strong>Ford Ranger cuando se cruz\u00f3 de carril y colision\u00f3 a otro veh\u00edculo en\u00a0<strong>Luj\u00e1n de Cuyo<\/strong>. Afortunadamente, no hubo heridos de gravedad.\u00a0<\/p>\n\n\n\n<p>El hecho se produjo en la intersecci\u00f3n de Brandsen y Costa Flores, Luj\u00e1n de Cuyo, cuando tras una arriesgada maniobra se produjo el fuerte impacto. Seg\u00fan trascendi\u00f3, la camioneta se trasladaba&nbsp;por calle Branden con direcci\u00f3n al este y al llegar a la altura del la escuela Ghilardi se cruz\u00f3&nbsp;de carril y colision\u00f3&nbsp;a un veh\u00edculo Renault Trafic que circulaba en direcci\u00f3n contraria.<\/p>\n\n\n\n<p>Ante la intervenci\u00f3n de los agentes de Tr\u00e1nsito, se realiz\u00f3 el dosaje al hombre de la camioneta, el cual dio un resultado contundente: manejaba con 2,77 gramos de alcohol por litro de sangre (g\/l).\u00a0<\/p>\n\n\n\n<p>Finalmente,\u00a0el hombre que provoc\u00f3 el impacto fue trasladado a la Comisar\u00eda 48 e imputado. Adem\u00e1s, se procedi\u00f3 al secuestro del rodado.\u00a0<\/p>\n\n\n\n<p><strong>Fuente: www.mdzol.com<\/strong><\/p>\n","protected":false},"excerpt":{"rendered":"<p>Un conductor de 55 a\u00f1os manejaba\u00a0alcoholizado\u00a0en una\u00a0camioneta\u00a0Ford Ranger cuando se cruz\u00f3 de carril y colision\u00f3 a otro veh\u00edculo en\u00a0Luj\u00e1n de Cuyo. Afortunadamente, no hubo heridos de gravedad.\u00a0 El hecho se produjo en la intersecci\u00f3n de Brandsen y Costa Flores, Luj\u00e1n de Cuyo, cuando tras una arriesgada maniobra se produjo el fuerte impacto. Seg\u00fan trascendi\u00f3, la [&hellip;]<\/p>\n","protected":false},"author":2,"featured_media":11205,"comment_status":"open","ping_status":"open","sticky":false,"template":"","format":"standard","meta":[],"categories":[48],"tags":[],"_links":{"self":[{"href":"https:\/\/pasaenmendoza.com\/index.php?rest_route=\/wp\/v2\/posts\/11204"}],"collection":[{"href":"https:\/\/pasaenmendoza.com\/index.php?rest_route=\/wp\/v2\/posts"}],"about":[{"href":"https:\/\/pasaenmendoza.com\/index.php?rest_route=\/wp\/v2\/types\/post"}],"author":[{"embeddable":true,"href":"https:\/\/pasaenmendoza.com\/index.php?rest_route=\/wp\/v2\/users\/2"}],"replies":[{"embeddable":true,"href":"https:\/\/pasaenmendoza.com\/index.php?rest_route=%2Fwp%2Fv2%2Fcomments&post=11204"}],"version-history":[{"count":1,"href":"https:\/\/pasaenmendoza.com\/index.php?rest_route=\/wp\/v2\/posts\/11204\/revisions"}],"predecessor-version":[{"id":11206,"href":"https:\/\/pasaenmendoza.com\/index.php?rest_route=\/wp\/v2\/posts\/11204\/revisions\/11206"}],"wp:featuredmedia":[{"embeddable":true,"href":"https:\/\/pasaenmendoza.com\/index.php?rest_route=\/wp\/v2\/media\/11205"}],"wp:attachment":[{"href":"https:\/\/pasaenmendoza.com\/index.php?rest_route=%2Fwp%2Fv2%2Fmedia&parent=11204"}],"wp:term":[{"taxonomy":"category","embeddable":true,"href":"https:\/\/pasaenmendoza.com\/index.php?rest_route=%2Fwp%2Fv2%2Fcategories&post=11204"},{"taxonomy":"post_tag","embeddable":true,"href":"https:\/\/pasaenmendoza.com\/index.php?rest_route=%2Fwp%2Fv2%2Ftags&post=11204"}],"curies":[{"name":"wp","href":"https:\/\/api.w.org\/{rel}","templated":true}]}}