{"id":11207,"date":"2025-01-23T14:05:47","date_gmt":"2025-01-23T13:05:47","guid":{"rendered":"https:\/\/pasaenmendoza.com\/?p=11207"},"modified":"2025-01-23T14:05:48","modified_gmt":"2025-01-23T13:05:48","slug":"preocupacion-por-un-impactante-incendio-en-la-ruta-82-en-lujan-de-cuyo","status":"publish","type":"post","link":"https:\/\/pasaenmendoza.com\/?p=11207","title":{"rendered":"Preocupaci\u00f3n por un impactante incendio en la Ruta 82, en Luj\u00e1n de Cuyo"},"content":{"rendered":"\n<p>Un<strong>\u00a0incendio\u00a0<\/strong>que se inici\u00f3\u00a0cerca de las 21 de este mi\u00e9rcoles en inmediaciones de la Ruta 82, en\u00a0<strong>Luj\u00e1n de Cuyo<\/strong>, demand\u00f3\u00a0un importante operativo de distintas fuerzas en la zona de la Colonia Suiza. El fuego arranc\u00f3 en un campo inculto y se fue aproximando a distintas viviendas.\u00a0<\/p>\n\n\n\n<p>En el lugar trabajaron\u00a0cinco dotaciones de bomberos departamentales, Defensa Civil y Tr\u00e1nsito de la comuna, personal del\u00a0Plan Provincial del Manejo del Fuego\u00a0y efectivos policiales.\u00a0<\/p>\n\n\n\n<p>El siniestro se registr\u00f3\u00a0entre el kil\u00f3metro 30 y el 31 de la mencionada ruta y las llamas eran\u00a0abundantes e importantes, seg\u00fan las fuentes apostadas en la escena.\u00a0<\/p>\n\n\n\n<p>Pasadas las 23 las autoridades informaron que el\u00a0<strong>incendio\u00a0<\/strong>empezaba a controlarse, con la custodia\u00a0de per\u00edmetros y asegurando diferentes sectores:\u00a0<\/p>\n\n\n\n<p>El hecho no arroj\u00f3 personas heridas, ni tampoco afectaciones en las propiedades. El fuego s\u00ed arras\u00f3 varias partes de ese campo inculto.\u00a0<\/p>\n\n\n\n<p>Uniformados de la Comisar\u00eda 30 de\u00a0<strong>Luj\u00e1n de Cuyo<\/strong>\u00a0coordinaban el operativo. Por el momento\u00a0se desconoce qu\u00e9 origin\u00f3 las llamas propagadas.\u00a0<\/p>\n\n\n\n<p><strong>Fuente: www.mdzol.com<\/strong><\/p>\n","protected":false},"excerpt":{"rendered":"<p>Un\u00a0incendio\u00a0que se inici\u00f3\u00a0cerca de las 21 de este mi\u00e9rcoles en inmediaciones de la Ruta 82, en\u00a0Luj\u00e1n de Cuyo, demand\u00f3\u00a0un importante operativo de distintas fuerzas en la zona de la Colonia Suiza. El fuego arranc\u00f3 en un campo inculto y se fue aproximando a distintas viviendas.\u00a0 En el lugar trabajaron\u00a0cinco dotaciones de bomberos departamentales, Defensa Civil [&hellip;]<\/p>\n","protected":false},"author":2,"featured_media":11208,"comment_status":"open","ping_status":"open","sticky":false,"template":"","format":"standard","meta":[],"categories":[48],"tags":[],"_links":{"self":[{"href":"https:\/\/pasaenmendoza.com\/index.php?rest_route=\/wp\/v2\/posts\/11207"}],"collection":[{"href":"https:\/\/pasaenmendoza.com\/index.php?rest_route=\/wp\/v2\/posts"}],"about":[{"href":"https:\/\/pasaenmendoza.com\/index.php?rest_route=\/wp\/v2\/types\/post"}],"author":[{"embeddable":true,"href":"https:\/\/pasaenmendoza.com\/index.php?rest_route=\/wp\/v2\/users\/2"}],"replies":[{"embeddable":true,"href":"https:\/\/pasaenmendoza.com\/index.php?rest_route=%2Fwp%2Fv2%2Fcomments&post=11207"}],"version-history":[{"count":1,"href":"https:\/\/pasaenmendoza.com\/index.php?rest_route=\/wp\/v2\/posts\/11207\/revisions"}],"predecessor-version":[{"id":11209,"href":"https:\/\/pasaenmendoza.com\/index.php?rest_route=\/wp\/v2\/posts\/11207\/revisions\/11209"}],"wp:featuredmedia":[{"embeddable":true,"href":"https:\/\/pasaenmendoza.com\/index.php?rest_route=\/wp\/v2\/media\/11208"}],"wp:attachment":[{"href":"https:\/\/pasaenmendoza.com\/index.php?rest_route=%2Fwp%2Fv2%2Fmedia&parent=11207"}],"wp:term":[{"taxonomy":"category","embeddable":true,"href":"https:\/\/pasaenmendoza.com\/index.php?rest_route=%2Fwp%2Fv2%2Fcategories&post=11207"},{"taxonomy":"post_tag","embeddable":true,"href":"https:\/\/pasaenmendoza.com\/index.php?rest_route=%2Fwp%2Fv2%2Ftags&post=11207"}],"curies":[{"name":"wp","href":"https:\/\/api.w.org\/{rel}","templated":true}]}}