{"id":11213,"date":"2025-01-23T23:22:14","date_gmt":"2025-01-23T22:22:14","guid":{"rendered":"https:\/\/pasaenmendoza.com\/?p=11213"},"modified":"2025-01-23T23:22:15","modified_gmt":"2025-01-23T22:22:15","slug":"la-provincia-dio-luz-verde-a-la-venta-de-una-de-las-areas-maduras-de-ypf","status":"publish","type":"post","link":"https:\/\/pasaenmendoza.com\/?p=11213","title":{"rendered":"La Provincia dio luz verde a la venta de una de las \u00e1reas maduras de YPF"},"content":{"rendered":"\n<p>Esta semana el Gobierno de&nbsp;<strong>Mendoza<\/strong>&nbsp;dio un paso clave en la venta de una de los tres&nbsp;<strong>clusters<\/strong>&nbsp;de \u00e1reas maduras que&nbsp;<strong>YPF&nbsp;<\/strong>puso en venta en la provincia durante el mes de agosto del a\u00f1o pasado formando parte del&nbsp;<strong>Proyecto Andes.<\/strong><\/p>\n\n\n\n<p>Se trata del&nbsp;<strong>Cluster Norte,&nbsp;<\/strong>cuyo candidato para quedarse es la empresa P<strong>etr\u00f3leos Sudamericanos<\/strong>, y que comprende las&nbsp;<strong>\u00e1reas de Barrancas, R\u00edo Tunuy\u00e1n, Ceferino, Mesa Verde, La Ventana y Vizcacheras.<\/strong><\/p>\n\n\n\n<p>El expediente tuvo su aprobaci\u00f3n por parte de la Direcci\u00f3n de Hidrocarburos, dirigida por Lucas Erio, y por la Direcci\u00f3n de Asuntos Jur\u00eddicos del Ministerio de Ambiente y Energ\u00eda.<\/p>\n\n\n\n<p>\u201c<em>Las demoras que hubo est\u00e1n vinculadas a los movimientos de expedientes, con informaciones que ten\u00edan que acercarnos. A la Provincia lo que m\u00e1s le interesaba era el plan de inversi\u00f3n<\/em>\u201c, explicaron fuentes de Casa de Gobierno.<\/p>\n\n\n\n<p>Ahora, la propuesta pas\u00f3 a manos de Fiscal\u00eda de Estado, que deber\u00e1 revisar el expediente y darle el visto bueno. Una vez que esto ocurra, regresar\u00e1 a Casa de Gobierno, en d\u00f3nde lo \u00fanico que resta es redactar la resoluci\u00f3n que se publicar\u00e1 en el Bolet\u00edn Oficial, oficializando el acuerdo.<\/p>\n\n\n\n<p>Uno de los datos que a\u00fan no trascendieron, y es clave en el acuerdo, est\u00e1 vinculado con&nbsp;<strong>la extensi\u00f3n de la pr\u00f3rroga del permiso de explotaci\u00f3n de las \u00e1reas<\/strong>&nbsp;dentro de este cluster. Una de ellas, R\u00edo Tunuy\u00e1n vence en enero de 2026, y tres en noviembre de 2027: Barrancas, La Ventana y Vizcacheras.<\/p>\n\n\n\n<p>En materia de inversi\u00f3n,<strong>&nbsp;la empresa se comprometi\u00f3 a invertir como m\u00ednimo 58 millones de d\u00f3lares en el \u00e1rea que produce 11.725 barriles diarios de crudo y 99 metros c\u00fabicos de gas. Este dinero se deber\u00e1 destinar para el desarrollo de las pozos, con el objetivo de incrementar la producci\u00f3n de hidrocarburos.<\/strong><\/p>\n\n\n\n<p>En tanto, la empresa compradora se comprometi\u00f3 a contratar como m\u00ednimo un 75% de mano de obra mendocina y elabor\u00f3 planes de inversi\u00f3n, de abandono de pozos y de saneamiento de los pasivos ambientales que se generen por la actividad.<\/p>\n\n\n\n<h2 class=\"wp-block-heading\" id=\"h-cual-se-acepto-y-cual-falta\">Cu\u00e1l se acept\u00f3 y cu\u00e1l falta<\/h2>\n\n\n\n<p>El pasado 28 de noviembre, el Gobierno confirm\u00f3 la venta a la petrolera Petroqu\u00edmica Comodoro Rivadavia S.A (PCR) de&nbsp;<strong>Llancanelo<\/strong>.<\/p>\n\n\n\n<p>El compromiso de inversi\u00f3n de PCR para las \u00e1reas Llancanelo y Llancanelo R podr\u00eda alcanzar un total de 120 millones de d\u00f3lares, condicionado al \u00e9xito de las actividades proyectadas en el \u00e1rea.<\/p>\n\n\n\n<p>De este monto, m\u00e1s de 56 millones de d\u00f3lares corresponden a inversiones en firme, que incluyen la perforaci\u00f3n de 3 nuevos pozos en 2025, de un total de 13 perforaciones para los pr\u00f3ximos 5 a\u00f1os, la reactivaci\u00f3n de pozos inactivos y la implementaci\u00f3n de tecnolog\u00edas avanzadas para optimizar la producci\u00f3n.<\/p>\n\n\n\n<p>El que resta definir es el<strong>&nbsp;Cluster Sur<\/strong>, que incluye las \u00e1reas de El Port\u00f3n, Chihuido de la Salina, Altiplanicie del Pay\u00fan, Ca\u00f1ad\u00f3n Amarillo, Chihuido de la Salina y Confluencia Sur.<\/p>\n\n\n\n<p>YPF firm\u00f3 el acuerdo de venta con la Uni\u00f3n Transitoria de Empresas (UTE) Quintana Energy y TSB, con una inversi\u00f3n m\u00ednima de 15 millones de d\u00f3lares. La producci\u00f3n estimada de este es de cluster de 2.090 barriles diarios de crudo y 844 km3\/d de gas.<\/p>\n\n\n\n<p><strong>Fuente: www.elsol.com.ar<\/strong><\/p>\n","protected":false},"excerpt":{"rendered":"<p>Esta semana el Gobierno de&nbsp;Mendoza&nbsp;dio un paso clave en la venta de una de los tres&nbsp;clusters&nbsp;de \u00e1reas maduras que&nbsp;YPF&nbsp;puso en venta en la provincia durante el mes de agosto del a\u00f1o pasado formando parte del&nbsp;Proyecto Andes. Se trata del&nbsp;Cluster Norte,&nbsp;cuyo candidato para quedarse es la empresa Petr\u00f3leos Sudamericanos, y que comprende las&nbsp;\u00e1reas de Barrancas, R\u00edo [&hellip;]<\/p>\n","protected":false},"author":2,"featured_media":11214,"comment_status":"open","ping_status":"open","sticky":false,"template":"","format":"standard","meta":[],"categories":[47],"tags":[],"_links":{"self":[{"href":"https:\/\/pasaenmendoza.com\/index.php?rest_route=\/wp\/v2\/posts\/11213"}],"collection":[{"href":"https:\/\/pasaenmendoza.com\/index.php?rest_route=\/wp\/v2\/posts"}],"about":[{"href":"https:\/\/pasaenmendoza.com\/index.php?rest_route=\/wp\/v2\/types\/post"}],"author":[{"embeddable":true,"href":"https:\/\/pasaenmendoza.com\/index.php?rest_route=\/wp\/v2\/users\/2"}],"replies":[{"embeddable":true,"href":"https:\/\/pasaenmendoza.com\/index.php?rest_route=%2Fwp%2Fv2%2Fcomments&post=11213"}],"version-history":[{"count":1,"href":"https:\/\/pasaenmendoza.com\/index.php?rest_route=\/wp\/v2\/posts\/11213\/revisions"}],"predecessor-version":[{"id":11215,"href":"https:\/\/pasaenmendoza.com\/index.php?rest_route=\/wp\/v2\/posts\/11213\/revisions\/11215"}],"wp:featuredmedia":[{"embeddable":true,"href":"https:\/\/pasaenmendoza.com\/index.php?rest_route=\/wp\/v2\/media\/11214"}],"wp:attachment":[{"href":"https:\/\/pasaenmendoza.com\/index.php?rest_route=%2Fwp%2Fv2%2Fmedia&parent=11213"}],"wp:term":[{"taxonomy":"category","embeddable":true,"href":"https:\/\/pasaenmendoza.com\/index.php?rest_route=%2Fwp%2Fv2%2Fcategories&post=11213"},{"taxonomy":"post_tag","embeddable":true,"href":"https:\/\/pasaenmendoza.com\/index.php?rest_route=%2Fwp%2Fv2%2Ftags&post=11213"}],"curies":[{"name":"wp","href":"https:\/\/api.w.org\/{rel}","templated":true}]}}