{"id":11219,"date":"2025-01-23T23:51:38","date_gmt":"2025-01-23T22:51:38","guid":{"rendered":"https:\/\/pasaenmendoza.com\/?p=11219"},"modified":"2025-01-23T23:51:39","modified_gmt":"2025-01-23T22:51:39","slug":"milei-elimino-retenciones-a-economias-regionales-pero-no-mueve-la-aguja-a-mendoza","status":"publish","type":"post","link":"https:\/\/pasaenmendoza.com\/?p=11219","title":{"rendered":"Milei elimin\u00f3 retenciones a econom\u00edas regionales, pero no &#8220;mueve la aguja&#8221; a Mendoza"},"content":{"rendered":"\n<p>El gobierno de Javier Milei anunci\u00f3 este jueves a la tarde que bajar\u00e1 las\u00a0<strong>retenciones<\/strong>\u00a0a los principales cultivos del campo. Y las eliminar\u00e1 a las\u00a0<strong>econom\u00edas regionales,\u00a0<\/strong>aunque no significa un beneficio adicional para productos exportables de Mendoza.<\/p>\n\n\n\n<p>Seg\u00fan trascendi\u00f3, ser\u00e1 una&nbsp;<strong>medida provisoria<\/strong>. Es que en principio la quita de retenciones tiene&nbsp;<strong>vigencia hasta junio&nbsp;<\/strong>de este a\u00f1o.<\/p>\n\n\n\n<p>En ese lapso, para los principales cultivos, como la soja, los derechos de exportaci\u00f3n se reducir\u00e1n de 33% a 26%.<\/p>\n\n\n\n<h2 class=\"wp-block-heading\">Las retenciones para Mendoza<\/h2>\n\n\n\n<p>Antes del anuncio, Mendoza ya se hab\u00eda visto favorecida<\/p>\n\n\n\n<p>El alcance e impacto de la decisi\u00f3n es analizada por los gobiernos provinciales, en pleno transcurso de un 2025 marcado por las elecciones de medio t\u00e9rmino.<\/p>\n\n\n\n<p>En el caso del vino, adem\u00e1s de otros productos vitivin\u00edcolas como mosto y uva en fresco, ya gozaban del beneficio desde hace tiempo, concretamente hace un a\u00f1o. En enero de 2024 el Gobierno hab\u00eda anunciado la eliminaci\u00f3n definitiva de las retenciones.<\/p>\n\n\n\n<p>Hasta ese momento se aplicaban en forma diferencial: s\u00f3lo se hab\u00edan eliminado para pymes del sector que facturaban por sus exportaciones hasta u$s 1 mill\u00f3n, reintegros del 0,75 y se ampliaba 0,50 si es org\u00e1nico, con identificaci\u00f3n geogr\u00e1fica &#8220;mza&#8221; y alimentos argentinos.<\/p>\n\n\n\n<p><strong>Fuente: www.diariouno.com.ar<\/strong><\/p>\n","protected":false},"excerpt":{"rendered":"<p>El gobierno de Javier Milei anunci\u00f3 este jueves a la tarde que bajar\u00e1 las\u00a0retenciones\u00a0a los principales cultivos del campo. Y las eliminar\u00e1 a las\u00a0econom\u00edas regionales,\u00a0aunque no significa un beneficio adicional para productos exportables de Mendoza. Seg\u00fan trascendi\u00f3, ser\u00e1 una&nbsp;medida provisoria. Es que en principio la quita de retenciones tiene&nbsp;vigencia hasta junio&nbsp;de este a\u00f1o. En ese [&hellip;]<\/p>\n","protected":false},"author":2,"featured_media":11220,"comment_status":"open","ping_status":"open","sticky":false,"template":"","format":"standard","meta":[],"categories":[47],"tags":[],"_links":{"self":[{"href":"https:\/\/pasaenmendoza.com\/index.php?rest_route=\/wp\/v2\/posts\/11219"}],"collection":[{"href":"https:\/\/pasaenmendoza.com\/index.php?rest_route=\/wp\/v2\/posts"}],"about":[{"href":"https:\/\/pasaenmendoza.com\/index.php?rest_route=\/wp\/v2\/types\/post"}],"author":[{"embeddable":true,"href":"https:\/\/pasaenmendoza.com\/index.php?rest_route=\/wp\/v2\/users\/2"}],"replies":[{"embeddable":true,"href":"https:\/\/pasaenmendoza.com\/index.php?rest_route=%2Fwp%2Fv2%2Fcomments&post=11219"}],"version-history":[{"count":1,"href":"https:\/\/pasaenmendoza.com\/index.php?rest_route=\/wp\/v2\/posts\/11219\/revisions"}],"predecessor-version":[{"id":11221,"href":"https:\/\/pasaenmendoza.com\/index.php?rest_route=\/wp\/v2\/posts\/11219\/revisions\/11221"}],"wp:featuredmedia":[{"embeddable":true,"href":"https:\/\/pasaenmendoza.com\/index.php?rest_route=\/wp\/v2\/media\/11220"}],"wp:attachment":[{"href":"https:\/\/pasaenmendoza.com\/index.php?rest_route=%2Fwp%2Fv2%2Fmedia&parent=11219"}],"wp:term":[{"taxonomy":"category","embeddable":true,"href":"https:\/\/pasaenmendoza.com\/index.php?rest_route=%2Fwp%2Fv2%2Fcategories&post=11219"},{"taxonomy":"post_tag","embeddable":true,"href":"https:\/\/pasaenmendoza.com\/index.php?rest_route=%2Fwp%2Fv2%2Ftags&post=11219"}],"curies":[{"name":"wp","href":"https:\/\/api.w.org\/{rel}","templated":true}]}}