{"id":11222,"date":"2025-01-24T14:16:11","date_gmt":"2025-01-24T13:16:11","guid":{"rendered":"https:\/\/pasaenmendoza.com\/?p=11222"},"modified":"2025-01-24T14:16:12","modified_gmt":"2025-01-24T13:16:12","slug":"tras-las-tormentas-y-el-granizo-asi-estara-el-tiempo-en-mendoza-este-viernes","status":"publish","type":"post","link":"https:\/\/pasaenmendoza.com\/?p=11222","title":{"rendered":"Tras las tormentas y el granizo: as\u00ed estar\u00e1 el tiempo en Mendoza este viernes"},"content":{"rendered":"\n<p>Luego de los&nbsp;<strong>37 grados<\/strong>&nbsp;que se registraron el jueves y la&nbsp;<strong>tormenta&nbsp;<\/strong>que lleg\u00f3 por la tarde noche, este viernes se registrar\u00e1 un breve respiro para los mendocinos ya que bajar\u00e1 levemente la temperatura.<\/p>\n\n\n\n<p>La m\u00e1xima para esta jornada ser\u00e1 de 32 grados y la m\u00ednima de 22. Habr\u00e1 nubosidad variable y ser\u00e1 un d\u00eda\u00a0<strong>m\u00e1s c\u00e1lido que caluroso,<\/strong>\u00a0seg\u00fan indicaron distintos meteor\u00f3logos.<\/p>\n\n\n\n<p>Sin embargo, las malas noticias llegar\u00e1n para el s\u00e1bado y domingo. Durante el fin de semana las temperaturas m\u00e1ximas se elevar\u00e1n y ser\u00e1n extremas. El s\u00e1bado se ubicar\u00e1n en 34 grados, con una m\u00ednima de 22.<\/p>\n\n\n\n<p>El domingo ser\u00e1 el peor d\u00eda del fin de semana y la m\u00e1xima se establecer\u00e1 en 37 grados, con una m\u00ednima de 21.<\/p>\n\n\n\n<p><strong>Fuente: www.elsol.com.ar<\/strong><\/p>\n","protected":false},"excerpt":{"rendered":"<p>Luego de los&nbsp;37 grados&nbsp;que se registraron el jueves y la&nbsp;tormenta&nbsp;que lleg\u00f3 por la tarde noche, este viernes se registrar\u00e1 un breve respiro para los mendocinos ya que bajar\u00e1 levemente la temperatura. La m\u00e1xima para esta jornada ser\u00e1 de 32 grados y la m\u00ednima de 22. Habr\u00e1 nubosidad variable y ser\u00e1 un d\u00eda\u00a0m\u00e1s c\u00e1lido que caluroso,\u00a0seg\u00fan [&hellip;]<\/p>\n","protected":false},"author":2,"featured_media":11223,"comment_status":"open","ping_status":"open","sticky":false,"template":"","format":"standard","meta":[],"categories":[52],"tags":[],"_links":{"self":[{"href":"https:\/\/pasaenmendoza.com\/index.php?rest_route=\/wp\/v2\/posts\/11222"}],"collection":[{"href":"https:\/\/pasaenmendoza.com\/index.php?rest_route=\/wp\/v2\/posts"}],"about":[{"href":"https:\/\/pasaenmendoza.com\/index.php?rest_route=\/wp\/v2\/types\/post"}],"author":[{"embeddable":true,"href":"https:\/\/pasaenmendoza.com\/index.php?rest_route=\/wp\/v2\/users\/2"}],"replies":[{"embeddable":true,"href":"https:\/\/pasaenmendoza.com\/index.php?rest_route=%2Fwp%2Fv2%2Fcomments&post=11222"}],"version-history":[{"count":1,"href":"https:\/\/pasaenmendoza.com\/index.php?rest_route=\/wp\/v2\/posts\/11222\/revisions"}],"predecessor-version":[{"id":11224,"href":"https:\/\/pasaenmendoza.com\/index.php?rest_route=\/wp\/v2\/posts\/11222\/revisions\/11224"}],"wp:featuredmedia":[{"embeddable":true,"href":"https:\/\/pasaenmendoza.com\/index.php?rest_route=\/wp\/v2\/media\/11223"}],"wp:attachment":[{"href":"https:\/\/pasaenmendoza.com\/index.php?rest_route=%2Fwp%2Fv2%2Fmedia&parent=11222"}],"wp:term":[{"taxonomy":"category","embeddable":true,"href":"https:\/\/pasaenmendoza.com\/index.php?rest_route=%2Fwp%2Fv2%2Fcategories&post=11222"},{"taxonomy":"post_tag","embeddable":true,"href":"https:\/\/pasaenmendoza.com\/index.php?rest_route=%2Fwp%2Fv2%2Ftags&post=11222"}],"curies":[{"name":"wp","href":"https:\/\/api.w.org\/{rel}","templated":true}]}}