{"id":11228,"date":"2025-01-24T15:06:16","date_gmt":"2025-01-24T14:06:16","guid":{"rendered":"https:\/\/pasaenmendoza.com\/?p=11228"},"modified":"2025-01-24T15:06:16","modified_gmt":"2025-01-24T14:06:16","slug":"junin-una-nina-de-10-anos-quedo-grave-luego-de-que-un-porton-le-cayo-encima","status":"publish","type":"post","link":"https:\/\/pasaenmendoza.com\/?p=11228","title":{"rendered":"Jun\u00edn: una ni\u00f1a de 10 a\u00f1os qued\u00f3 grave luego de que un port\u00f3n le cay\u00f3 encima"},"content":{"rendered":"\n<p>Una&nbsp;<strong>ni\u00f1a&nbsp;<\/strong>de 10 a\u00f1os se encontraba&nbsp;<strong>grave estado&nbsp;<\/strong>despu\u00e9s de ser aplastada la tarde de este jueves por un port\u00f3n en su casa de&nbsp;<strong>Jun\u00edn<\/strong>. Qued\u00f3 internada en el&nbsp;<strong>Hospital Notti<\/strong>&nbsp;y su cuadro era delicado.<\/p>\n\n\n\n<p>El hecho tuvo lugar a las 19.50 cuando la peque\u00f1a se encontraba en su domicilio del&nbsp;<strong>barrio Solares de la Posta<\/strong>, ubicado en&nbsp;<strong>calle La Posta<\/strong>.<\/p>\n\n\n\n<p>Por motivos que se tratan establecer, un port\u00f3n de unos cuatro metros de largo, por tres de alto, le cay\u00f3 encima y la lesion\u00f3 gravemente<\/p>\n\n\n\n<p>Cuando polic\u00edas arribaron a la escena, observaron manchas de sangre junto al port\u00f3n y algunas piezas dentales en el piso.<\/p>\n\n\n\n<p>Por su parte, la ni\u00f1a fue traslada en ambulancia hasta el mencionado nosocomio pedi\u00e1trico, en\u00a0<strong>estado delicado<\/strong>.<\/p>\n\n\n\n<p><strong>Fuenet: www.elsol.com.ar<\/strong><\/p>\n","protected":false},"excerpt":{"rendered":"<p>Una&nbsp;ni\u00f1a&nbsp;de 10 a\u00f1os se encontraba&nbsp;grave estado&nbsp;despu\u00e9s de ser aplastada la tarde de este jueves por un port\u00f3n en su casa de&nbsp;Jun\u00edn. Qued\u00f3 internada en el&nbsp;Hospital Notti&nbsp;y su cuadro era delicado. El hecho tuvo lugar a las 19.50 cuando la peque\u00f1a se encontraba en su domicilio del&nbsp;barrio Solares de la Posta, ubicado en&nbsp;calle La Posta. Por [&hellip;]<\/p>\n","protected":false},"author":2,"featured_media":11229,"comment_status":"open","ping_status":"open","sticky":false,"template":"","format":"standard","meta":[],"categories":[48],"tags":[],"_links":{"self":[{"href":"https:\/\/pasaenmendoza.com\/index.php?rest_route=\/wp\/v2\/posts\/11228"}],"collection":[{"href":"https:\/\/pasaenmendoza.com\/index.php?rest_route=\/wp\/v2\/posts"}],"about":[{"href":"https:\/\/pasaenmendoza.com\/index.php?rest_route=\/wp\/v2\/types\/post"}],"author":[{"embeddable":true,"href":"https:\/\/pasaenmendoza.com\/index.php?rest_route=\/wp\/v2\/users\/2"}],"replies":[{"embeddable":true,"href":"https:\/\/pasaenmendoza.com\/index.php?rest_route=%2Fwp%2Fv2%2Fcomments&post=11228"}],"version-history":[{"count":1,"href":"https:\/\/pasaenmendoza.com\/index.php?rest_route=\/wp\/v2\/posts\/11228\/revisions"}],"predecessor-version":[{"id":11230,"href":"https:\/\/pasaenmendoza.com\/index.php?rest_route=\/wp\/v2\/posts\/11228\/revisions\/11230"}],"wp:featuredmedia":[{"embeddable":true,"href":"https:\/\/pasaenmendoza.com\/index.php?rest_route=\/wp\/v2\/media\/11229"}],"wp:attachment":[{"href":"https:\/\/pasaenmendoza.com\/index.php?rest_route=%2Fwp%2Fv2%2Fmedia&parent=11228"}],"wp:term":[{"taxonomy":"category","embeddable":true,"href":"https:\/\/pasaenmendoza.com\/index.php?rest_route=%2Fwp%2Fv2%2Fcategories&post=11228"},{"taxonomy":"post_tag","embeddable":true,"href":"https:\/\/pasaenmendoza.com\/index.php?rest_route=%2Fwp%2Fv2%2Ftags&post=11228"}],"curies":[{"name":"wp","href":"https:\/\/api.w.org\/{rel}","templated":true}]}}