{"id":11231,"date":"2025-01-24T20:13:32","date_gmt":"2025-01-24T19:13:32","guid":{"rendered":"https:\/\/pasaenmendoza.com\/?p=11231"},"modified":"2025-01-24T20:13:33","modified_gmt":"2025-01-24T19:13:33","slug":"malestar-de-adjudicatarios-del-ipv-por-demoras-en-entregas-de-viviendas-en-lujan-de-cuyo","status":"publish","type":"post","link":"https:\/\/pasaenmendoza.com\/?p=11231","title":{"rendered":"Malestar de adjudicatarios del IPV por demoras en entregas de viviendas en Luj\u00e1n de Cuyo"},"content":{"rendered":"\n<p>Titulares de viviendas de&nbsp;<strong>Luj\u00e1n de Cuyo&nbsp;<\/strong>que ganaron un sorteo del programa<strong>&nbsp;IPV Mi Casa&nbsp;<\/strong>mostraron su malestar con el&nbsp;<strong>Instituto Provincial de la Vivienda (IPV)<\/strong>&nbsp;por las demoras en las entregas de las casas<strong>, cuyo plazo de ejecuci\u00f3n era diciembre del 2023, pero aun no han podido acceder a las mismas.<\/strong><\/p>\n\n\n\n<p>Seg\u00fan datos publicados por el IPV, la apertura de sobres de esta obra se realiz\u00f3 el 26 de noviembre del 2021 y fue ganada por una Uni\u00f3n de Empresas Transitorias (UTE) compuesta por Antares SA y COEF SA.<\/p>\n\n\n\n<p>En lo que respecta a la construcci\u00f3n de las viviendas, seg\u00fan indica carteler\u00eda oficial, la fecha de inicio de los trabajos fue el 15 de diciembre del 2022 y deb\u00eda estar finalizado el 15 de diciembre del 2023.<\/p>\n\n\n\n<p>En septiembre del mismo desde el IPV realizaron el sorteo entre los propietarios para definir que unidades les correspond\u00edan.<\/p>\n\n\n\n<p>Luego, entre marzo y abril del 2024, los adjudicatarios fueron intimados para que pagaran un canon equivalente a 25 salarios m\u00ednimos vitales, cifra que rond\u00f3 entre los 3,2 y 3,7 millones de pesos, requisito establecido en el programa&nbsp;<strong>Mi Primera Casa<\/strong>.<\/p>\n\n\n\n<p><em>\u201cEl d\u00eda del sorteo de las unidades a las 52 familias que est\u00e1bamos, nos comunicaron que las fiestas de fin de a\u00f1o las \u00edbamos a pasar en nuestras viviendas\u201d<\/em>, explic\u00f3 uno de los adjudicartarios.<\/p>\n\n\n\n<p>Desde el IPV confirmaron que los preadjudicatarios est\u00e1n en condiciones de recibir las viviendas y que las demoras en las entregas se deben a un pedido realizo por Edemsa para darle m\u00e1s potencia al sistema el\u00e9ctrico del barrio.<\/p>\n\n\n\n<p><em>\u201cLa parte social est\u00e1 todo en condiciones. La gente esta preadjudicada y tiene todo en condiciones. El problema estuvo en una parte t\u00e9cnica. Cuando estaban por entregar las casas, Edemsa pidi\u00f3 repotenciar la red, por lo que tuvieron que hacer un transformador nuevo para el barrio. Pero estimamos que a finales de febrero, primeros d\u00edas de marzo vamos a estar entregando las viviendas\u201d<\/em>, informaron desde el IPV.<\/p>\n\n\n\n<p><strong>Fuente: www.elsol.com.ar<\/strong><\/p>\n","protected":false},"excerpt":{"rendered":"<p>Titulares de viviendas de&nbsp;Luj\u00e1n de Cuyo&nbsp;que ganaron un sorteo del programa&nbsp;IPV Mi Casa&nbsp;mostraron su malestar con el&nbsp;Instituto Provincial de la Vivienda (IPV)&nbsp;por las demoras en las entregas de las casas, cuyo plazo de ejecuci\u00f3n era diciembre del 2023, pero aun no han podido acceder a las mismas. Seg\u00fan datos publicados por el IPV, la apertura [&hellip;]<\/p>\n","protected":false},"author":2,"featured_media":11232,"comment_status":"open","ping_status":"open","sticky":false,"template":"","format":"standard","meta":[],"categories":[65],"tags":[],"_links":{"self":[{"href":"https:\/\/pasaenmendoza.com\/index.php?rest_route=\/wp\/v2\/posts\/11231"}],"collection":[{"href":"https:\/\/pasaenmendoza.com\/index.php?rest_route=\/wp\/v2\/posts"}],"about":[{"href":"https:\/\/pasaenmendoza.com\/index.php?rest_route=\/wp\/v2\/types\/post"}],"author":[{"embeddable":true,"href":"https:\/\/pasaenmendoza.com\/index.php?rest_route=\/wp\/v2\/users\/2"}],"replies":[{"embeddable":true,"href":"https:\/\/pasaenmendoza.com\/index.php?rest_route=%2Fwp%2Fv2%2Fcomments&post=11231"}],"version-history":[{"count":1,"href":"https:\/\/pasaenmendoza.com\/index.php?rest_route=\/wp\/v2\/posts\/11231\/revisions"}],"predecessor-version":[{"id":11233,"href":"https:\/\/pasaenmendoza.com\/index.php?rest_route=\/wp\/v2\/posts\/11231\/revisions\/11233"}],"wp:featuredmedia":[{"embeddable":true,"href":"https:\/\/pasaenmendoza.com\/index.php?rest_route=\/wp\/v2\/media\/11232"}],"wp:attachment":[{"href":"https:\/\/pasaenmendoza.com\/index.php?rest_route=%2Fwp%2Fv2%2Fmedia&parent=11231"}],"wp:term":[{"taxonomy":"category","embeddable":true,"href":"https:\/\/pasaenmendoza.com\/index.php?rest_route=%2Fwp%2Fv2%2Fcategories&post=11231"},{"taxonomy":"post_tag","embeddable":true,"href":"https:\/\/pasaenmendoza.com\/index.php?rest_route=%2Fwp%2Fv2%2Ftags&post=11231"}],"curies":[{"name":"wp","href":"https:\/\/api.w.org\/{rel}","templated":true}]}}