{"id":11237,"date":"2025-01-24T20:24:20","date_gmt":"2025-01-24T19:24:20","guid":{"rendered":"https:\/\/pasaenmendoza.com\/?p=11237"},"modified":"2025-01-24T20:24:21","modified_gmt":"2025-01-24T19:24:21","slug":"vargas-arizu-y-destefanis-recorrieron-fincas-afectadas-por-granizo-ya-se-pueden-hacer-las-denuncias","status":"publish","type":"post","link":"https:\/\/pasaenmendoza.com\/?p=11237","title":{"rendered":"Vargas Arizu y Dest\u00e9fanis recorrieron fincas afectadas por granizo: ya se pueden hacer las denuncias"},"content":{"rendered":"\n<p>El ministro de Producci\u00f3n de Mendoza,\u00a0<strong>Rodolfo Vargas Arizu<\/strong>, se traslad\u00f3 hasta Santa Rosa para constatar por s\u00ed mismo, junto a la intendenta Flor Dest\u00e9fanis, los da\u00f1os que dej\u00f3 la tormenta de\u00a0<strong>granizo\u00a0y fuertes vientos\u00a0<\/strong>del jueves.<\/p>\n\n\n\n<p>Seg\u00fan los primeros registros del municipio,\u00a0hay zonas en las que las p\u00e9rdidas de\u00a0<strong>producci\u00f3n\u00a0<\/strong>fueron del 100%\u00a0y la intendenta peronista catalog\u00f3 la situaci\u00f3n como \u201cdesesperante\u201d.<\/p>\n\n\n\n<p>\u201cEn La Dormida hay una franja de alrededor de 13 km en los que cay\u00f3\u00a0<strong>granizo<\/strong>. De esos, algunos tienen cultivos y otros, secano\u201d, coment\u00f3 Vargas Arizu, en la ma\u00f1ana post-tormenta.<\/p>\n\n\n\n<p>Durante la recorrida por las fincas m\u00e1s afectadas en&nbsp;<strong>Santa Rosa<\/strong>, se inform\u00f3 a los productores y a la intendencia que el Iscamen avanzar\u00e1 con &#8220;asistencia con oxicloruro de cobre, permitiendo a los productores comenzar con la cura de las plantas y mitigar el impacto en sus cultivos&#8221;.<\/p>\n\n\n\n<h2 class=\"wp-block-heading\">Ya qued\u00f3 habilitado el canal para las denuncias por ca\u00edda de granizo<\/h2>\n\n\n\n<p>El&nbsp;<strong>ministro de Producci\u00f3n<\/strong>&nbsp;reconoci\u00f3 que \u201ceste a\u00f1o las&nbsp;<strong>tormentas&nbsp;<\/strong>son m\u00e1s virulentas\u201d, aunque lo adjudic\u00f3 \u2013posiblemente- al cambio clim\u00e1tico.<\/p>\n\n\n\n<p>A su vez, analiz\u00f3 que junto al&nbsp;<strong>granizo<\/strong>, en cada tormenta \u201ctambi\u00e9n cay\u00f3 mucha lluvia y eso no es malo. Es tremendamente beneficioso para la agricultura y la ganader\u00eda\u201d.<\/p>\n\n\n\n<p>En cuanto a los da\u00f1os que gener\u00f3 puntualmente la piedra este jueves en<strong>\u00a0Santa Rosa<\/strong>, el ministro recorri\u00f3 fincas e inform\u00f3 a \u201clos productores los pasos a seguir para hacer las denuncias\u201d.<\/p>\n\n\n\n<p>Tanto los afectados en el Este provincial como los que sufrieron da\u00f1o en algunas \u00e1reas del Valle de Uco podr\u00e1n realizar sus denuncias desde este viernes y hasta el 6 de febrero en el sitio oficial\u00a0de Contingencias Clim\u00e1ticas.<\/p>\n\n\n\n<p>As\u00ed, una vez que el Ministerio de Producci\u00f3n tenga la informaci\u00f3n y se constanten los da\u00f1os denunciados, \u201cse activa el<strong>&nbsp;Fondo Compensador<\/strong>&nbsp;para aquellos que est\u00e9n asociados y se declara el desastre o la emergencia para asistencia\u201d.<\/p>\n\n\n\n<p>Sobre ello,<strong>&nbsp;Vargas Arizu&nbsp;<\/strong>resalt\u00f3 la importancia de la adhesi\u00f3n por parte de los productores. \u201cEl Gobierno pone all\u00ed (en el seguro) todos los recursos para asistir a los que tienen menos de 30 hect\u00e1reas\u201d.<\/p>\n\n\n\n<p>En 2024, tras la eliminaci\u00f3n de la\u00a0<strong>lucha antigranizo\u00a0<\/strong>activa en Mendoza, las adhesiones al Fondo Compensador crecieron un 20%. \u201cPor ejemplo, de 316 productores afectados por tormentas en Real del Padre, 214 se hab\u00edan adherido\u201d, dijo el ministro, celebrando el entendimiento sobre la herramienta. \u201cEsperamos que a los 3.800 anotados, este a\u00f1o se sume un 20 o 30% m\u00e1s\u201d, expres\u00f3.<\/p>\n\n\n\n<p>Seg\u00fan cifras que brind\u00f3<strong>&nbsp;Vargas Arizu<\/strong>, en Mendoza hay unos 7.000 productores registrados en el RUT (de 27.000 totales) por lo que m\u00e1s de la mitad est\u00e1 inscripto en el Fondo Compensador y cobra el&nbsp;<strong>seguro&nbsp;<\/strong>en caso de contingencia.<\/p>\n\n\n\n<p>\u201cLes pedimos a los productores que tomen al&nbsp;<strong>seguro&nbsp;<\/strong>como un costo m\u00e1s de producci\u00f3n, como un fertilizante, porque tormentas habr\u00e1 siempre. El Fondo Compensador funciona y este a\u00f1o ya hemos adelantado m\u00e1s de $600 millones a los CBU de los productores en concepto de seguro\u201d, inform\u00f3 el ministro.<\/p>\n\n\n\n<h2 class=\"wp-block-heading\">Producci\u00f3n estudia la ca\u00edda de granizo<\/h2>\n\n\n\n<p><strong>Vargas Arizu<\/strong>&nbsp;adelant\u00f3 tambi\u00e9n que el Ministerio de Producci\u00f3n se encuentra realizando un estudio estad\u00edstico sobre la cantidad de tormentas de la temporada y las hect\u00e1reas afectadas.<\/p>\n\n\n\n<p>Los resultados estar\u00e1n en abril y a partir de entonces se sacar\u00e1n conclusiones oficiales sobre el crecimiento o no de la ca\u00edda de\u00a0<strong>granizo<\/strong>, los da\u00f1os ocasionados y la conveniencia o no de la lucha antigranizo.<\/p>\n\n\n\n<p><strong>Fuente: www.diariouno.com.ar<\/strong><\/p>\n","protected":false},"excerpt":{"rendered":"<p>El ministro de Producci\u00f3n de Mendoza,\u00a0Rodolfo Vargas Arizu, se traslad\u00f3 hasta Santa Rosa para constatar por s\u00ed mismo, junto a la intendenta Flor Dest\u00e9fanis, los da\u00f1os que dej\u00f3 la tormenta de\u00a0granizo\u00a0y fuertes vientos\u00a0del jueves. Seg\u00fan los primeros registros del municipio,\u00a0hay zonas en las que las p\u00e9rdidas de\u00a0producci\u00f3n\u00a0fueron del 100%\u00a0y la intendenta peronista catalog\u00f3 la situaci\u00f3n [&hellip;]<\/p>\n","protected":false},"author":2,"featured_media":11238,"comment_status":"open","ping_status":"open","sticky":false,"template":"","format":"standard","meta":[],"categories":[47],"tags":[],"_links":{"self":[{"href":"https:\/\/pasaenmendoza.com\/index.php?rest_route=\/wp\/v2\/posts\/11237"}],"collection":[{"href":"https:\/\/pasaenmendoza.com\/index.php?rest_route=\/wp\/v2\/posts"}],"about":[{"href":"https:\/\/pasaenmendoza.com\/index.php?rest_route=\/wp\/v2\/types\/post"}],"author":[{"embeddable":true,"href":"https:\/\/pasaenmendoza.com\/index.php?rest_route=\/wp\/v2\/users\/2"}],"replies":[{"embeddable":true,"href":"https:\/\/pasaenmendoza.com\/index.php?rest_route=%2Fwp%2Fv2%2Fcomments&post=11237"}],"version-history":[{"count":1,"href":"https:\/\/pasaenmendoza.com\/index.php?rest_route=\/wp\/v2\/posts\/11237\/revisions"}],"predecessor-version":[{"id":11239,"href":"https:\/\/pasaenmendoza.com\/index.php?rest_route=\/wp\/v2\/posts\/11237\/revisions\/11239"}],"wp:featuredmedia":[{"embeddable":true,"href":"https:\/\/pasaenmendoza.com\/index.php?rest_route=\/wp\/v2\/media\/11238"}],"wp:attachment":[{"href":"https:\/\/pasaenmendoza.com\/index.php?rest_route=%2Fwp%2Fv2%2Fmedia&parent=11237"}],"wp:term":[{"taxonomy":"category","embeddable":true,"href":"https:\/\/pasaenmendoza.com\/index.php?rest_route=%2Fwp%2Fv2%2Fcategories&post=11237"},{"taxonomy":"post_tag","embeddable":true,"href":"https:\/\/pasaenmendoza.com\/index.php?rest_route=%2Fwp%2Fv2%2Ftags&post=11237"}],"curies":[{"name":"wp","href":"https:\/\/api.w.org\/{rel}","templated":true}]}}