{"id":1124,"date":"2023-09-01T15:17:01","date_gmt":"2023-09-01T13:17:01","guid":{"rendered":"https:\/\/pasaenmendoza.com\/?p=1124"},"modified":"2023-09-01T15:17:02","modified_gmt":"2023-09-01T13:17:02","slug":"pronostico-en-mendoza-viernes-con-ascenso-de-la-temperatura-pero-se-viene-un-frente-frio","status":"publish","type":"post","link":"https:\/\/pasaenmendoza.com\/?p=1124","title":{"rendered":"Pron\u00f3stico en Mendoza: viernes con ascenso de la temperatura, pero se viene un frente fr\u00edo"},"content":{"rendered":"\n<p>\u201cCielo algo nublado con ascenso de la temperatura, vientos moderados del sudeste. Nevadas en cordillera\u201d, es lo que indica la\u00a0<strong>Direcci\u00f3n de Contingencias Clim\u00e1ticas<\/strong>\u00a0para este arranque de mes.\u00a0<mark>La m\u00ednima ser\u00e1 de 7 grados y la m\u00e1xima de 23.<\/mark><\/p>\n\n\n\n<p>Para el<strong>\u00a0s\u00e1bado<\/strong>\u00a0se prev\u00e9 \u201ccielo mayormente nublado y fr\u00ed\u00ado, tiempo inestable, vientos moderados del sector sur. Nevadas en cordillera. Ingreso de frente fr\u00edo\u201d.\u00a0<mark>La m\u00ednima ser\u00e1 de 10 grados y la m\u00e1xima de 13.<\/mark><\/p>\n\n\n\n<p>Adem\u00e1s, para la jornada el\u00a0<strong>Servicio Meteorol\u00f3gico Nacional (SMN)<\/strong>\u00a0indica\u00a0<mark>alerta amarilla por nevadas<\/mark>\u00a0en el sector cordillerano de San Carlos y Tunuy\u00e1n.<\/p>\n\n\n\n<p>El\u00a0<strong>domingo<\/strong>\u00a0mejoran las condiciones, habr\u00e1 un ascenso de la temperatura y vientos moderados del sudeste. Inestable en cordillera.\u00a0<mark>La m\u00ednima ser\u00e1 de 7 grados y la m\u00e1xima de 16.<\/mark><\/p>\n\n\n\n<p><strong>La situaci\u00f3n en alta monta\u00f1a<\/strong><\/p>\n\n\n\n<p>El\u00a0<strong>Sistema Integrado Cristo Redentor<\/strong>\u00a0se encuentra\u00a0<mark>cerrado<\/mark>\u00a0por malas condiciones meteorol\u00f3gicas.<\/p>\n\n\n\n<p>El\u00a0<strong>paso Pehuenche<\/strong>\u00a0est\u00e1\u00a0<mark>intransitable<\/mark>\u00a0por tiempo indeterminado.<\/p>\n\n\n\n<p><strong>Fuente: www.elsol.com.ar<\/strong><\/p>\n","protected":false},"excerpt":{"rendered":"<p>\u201cCielo algo nublado con ascenso de la temperatura, vientos moderados del sudeste. Nevadas en cordillera\u201d, es lo que indica la\u00a0Direcci\u00f3n de Contingencias Clim\u00e1ticas\u00a0para este arranque de mes.\u00a0La m\u00ednima ser\u00e1 de 7 grados y la m\u00e1xima de 23. Para el\u00a0s\u00e1bado\u00a0se prev\u00e9 \u201ccielo mayormente nublado y fr\u00ed\u00ado, tiempo inestable, vientos moderados del sector sur. Nevadas en cordillera. [&hellip;]<\/p>\n","protected":false},"author":2,"featured_media":1125,"comment_status":"open","ping_status":"open","sticky":false,"template":"","format":"standard","meta":[],"categories":[52],"tags":[],"_links":{"self":[{"href":"https:\/\/pasaenmendoza.com\/index.php?rest_route=\/wp\/v2\/posts\/1124"}],"collection":[{"href":"https:\/\/pasaenmendoza.com\/index.php?rest_route=\/wp\/v2\/posts"}],"about":[{"href":"https:\/\/pasaenmendoza.com\/index.php?rest_route=\/wp\/v2\/types\/post"}],"author":[{"embeddable":true,"href":"https:\/\/pasaenmendoza.com\/index.php?rest_route=\/wp\/v2\/users\/2"}],"replies":[{"embeddable":true,"href":"https:\/\/pasaenmendoza.com\/index.php?rest_route=%2Fwp%2Fv2%2Fcomments&post=1124"}],"version-history":[{"count":1,"href":"https:\/\/pasaenmendoza.com\/index.php?rest_route=\/wp\/v2\/posts\/1124\/revisions"}],"predecessor-version":[{"id":1126,"href":"https:\/\/pasaenmendoza.com\/index.php?rest_route=\/wp\/v2\/posts\/1124\/revisions\/1126"}],"wp:featuredmedia":[{"embeddable":true,"href":"https:\/\/pasaenmendoza.com\/index.php?rest_route=\/wp\/v2\/media\/1125"}],"wp:attachment":[{"href":"https:\/\/pasaenmendoza.com\/index.php?rest_route=%2Fwp%2Fv2%2Fmedia&parent=1124"}],"wp:term":[{"taxonomy":"category","embeddable":true,"href":"https:\/\/pasaenmendoza.com\/index.php?rest_route=%2Fwp%2Fv2%2Fcategories&post=1124"},{"taxonomy":"post_tag","embeddable":true,"href":"https:\/\/pasaenmendoza.com\/index.php?rest_route=%2Fwp%2Fv2%2Ftags&post=1124"}],"curies":[{"name":"wp","href":"https:\/\/api.w.org\/{rel}","templated":true}]}}