{"id":11244,"date":"2025-01-24T20:58:01","date_gmt":"2025-01-24T19:58:01","guid":{"rendered":"https:\/\/pasaenmendoza.com\/?p=11244"},"modified":"2025-01-24T20:58:02","modified_gmt":"2025-01-24T19:58:02","slug":"investigan-el-abuso-sexual-de-una-paciente-en-el-hospital-central-la-mujer-murio-en-terapia-intensiva","status":"publish","type":"post","link":"https:\/\/pasaenmendoza.com\/?p=11244","title":{"rendered":"Investigan el abuso sexual de una paciente en el Hospital Central: la mujer muri\u00f3 en Terapia Intensiva"},"content":{"rendered":"\n<p><strong>Evelyn Daiana Carrera&nbsp;<\/strong>ten\u00eda 35 a\u00f1os y muri\u00f3 este mi\u00e9rcoles en el<strong>&nbsp;Hospital Central<\/strong>, a ra\u00edz de las complicaciones que sufri\u00f3 por una intervenci\u00f3n quir\u00fargica. Poco m\u00e1s de un mes antes de su deceso, la joven le revel\u00f3 a sus familiares que hab\u00eda sido&nbsp;<strong>abusada sexualmente&nbsp;<\/strong>por uno de los enfermeros que estaba a cargo de sus cuidados en la<strong>&nbsp;Unidad de Terapia Intensiva<\/strong>.<\/p>\n\n\n\n<p>El domingo 12 de diciembre su madre radic\u00f3 la denuncia en la\u00a0<strong>Oficina Fiscal Capital-Godoy Cruz<\/strong>, que funciona en el\u00a0<strong>Polo Judicial Penal<\/strong>, y se dio inicio a una exhaustiva investigaci\u00f3n para dar con el autor de la violaci\u00f3n.<\/p>\n\n\n\n<p>Las primeras medidas que tom\u00f3 el<strong>&nbsp;fiscal de Delitos Contra la Integridad Sexual Dar\u00edo Nora<\/strong>, quien qued\u00f3 a cargo del expediente, consistieron en peritajes a la v\u00edctima para tomar muestras de&nbsp;<strong>ADN<\/strong>, pero no logr\u00f3 hallar material gen\u00e9tico para cotejar.<\/p>\n\n\n\n<p>Frente a esa situaci\u00f3n, se avanz\u00f3 con la individualizaci\u00f3n del&nbsp;<em>staff&nbsp;<\/em>que trabajaba por esos d\u00edas en el sector donde se encontraba alojada Carrera, quien alcanz\u00f3 a aportar algunas caracter\u00edsticas f\u00edsicas del abusador.<\/p>\n\n\n\n<p>Sin embargo, no se trata de una tarea f\u00e1cil para los detectives del caso, ya que la v\u00edctima se encontraba sedada durante su internaci\u00f3n en el centro asistencia capitalino.<\/p>\n\n\n\n<p>De acuerdo con fuentes allegadas al caso, Carrera ingres\u00f3 el 30 de noviembre al&nbsp;<strong>Hospital Central<\/strong>, por un padecimiento que sufr\u00eda en una&nbsp;<strong>afecci\u00f3n intestinal<\/strong>, por lo que debi\u00f3 ser intervenida de urgencia.<\/p>\n\n\n\n<p>A ra\u00edz de una complicaci\u00f3n durante la operaci\u00f3n, la mujer result\u00f3 con un&nbsp;<strong>intestino perforado<\/strong>, agregaron. Por eso debi\u00f3 quedar&nbsp;<strong>internada bajo cuidados intensivos<\/strong>, ya que su cuadro no mostraba mejoras.<\/p>\n\n\n\n<p>Poco menos de dos semanas despu\u00e9s de la cirug\u00eda, m\u00e1s precisamente el s\u00e1bado 12, Carrera pidi\u00f3 a sus familiares un papel y una lapicera para poder contarles algo, ya que se encontraba bajo el efecto de sedantes.<\/p>\n\n\n\n<p>Fue all\u00ed cuando les escribi\u00f3 en una servilleta que&nbsp;<strong>un enfermero hab\u00eda abusado sexualmente de ella&nbsp;<\/strong>y motiv\u00f3 que su progenitora acudiera de manera inmediata a la Justicia.<\/p>\n\n\n\n<p>La hip\u00f3tesis de la Fiscal\u00eda es que la vejaci\u00f3n se produjo mientras la v\u00edctima era higienizada en su habitaci\u00f3n, por lo que apuntan al personal que que se encontraba a cargo de sus cuidados en los d\u00edas previos a la presentaci\u00f3n judicial.<\/p>\n\n\n\n<p><strong>Fuente: www.elsol.com.ar<\/strong><\/p>\n","protected":false},"excerpt":{"rendered":"<p>Evelyn Daiana Carrera&nbsp;ten\u00eda 35 a\u00f1os y muri\u00f3 este mi\u00e9rcoles en el&nbsp;Hospital Central, a ra\u00edz de las complicaciones que sufri\u00f3 por una intervenci\u00f3n quir\u00fargica. Poco m\u00e1s de un mes antes de su deceso, la joven le revel\u00f3 a sus familiares que hab\u00eda sido&nbsp;abusada sexualmente&nbsp;por uno de los enfermeros que estaba a cargo de sus cuidados en [&hellip;]<\/p>\n","protected":false},"author":2,"featured_media":11245,"comment_status":"open","ping_status":"open","sticky":false,"template":"","format":"standard","meta":[],"categories":[48],"tags":[],"_links":{"self":[{"href":"https:\/\/pasaenmendoza.com\/index.php?rest_route=\/wp\/v2\/posts\/11244"}],"collection":[{"href":"https:\/\/pasaenmendoza.com\/index.php?rest_route=\/wp\/v2\/posts"}],"about":[{"href":"https:\/\/pasaenmendoza.com\/index.php?rest_route=\/wp\/v2\/types\/post"}],"author":[{"embeddable":true,"href":"https:\/\/pasaenmendoza.com\/index.php?rest_route=\/wp\/v2\/users\/2"}],"replies":[{"embeddable":true,"href":"https:\/\/pasaenmendoza.com\/index.php?rest_route=%2Fwp%2Fv2%2Fcomments&post=11244"}],"version-history":[{"count":1,"href":"https:\/\/pasaenmendoza.com\/index.php?rest_route=\/wp\/v2\/posts\/11244\/revisions"}],"predecessor-version":[{"id":11246,"href":"https:\/\/pasaenmendoza.com\/index.php?rest_route=\/wp\/v2\/posts\/11244\/revisions\/11246"}],"wp:featuredmedia":[{"embeddable":true,"href":"https:\/\/pasaenmendoza.com\/index.php?rest_route=\/wp\/v2\/media\/11245"}],"wp:attachment":[{"href":"https:\/\/pasaenmendoza.com\/index.php?rest_route=%2Fwp%2Fv2%2Fmedia&parent=11244"}],"wp:term":[{"taxonomy":"category","embeddable":true,"href":"https:\/\/pasaenmendoza.com\/index.php?rest_route=%2Fwp%2Fv2%2Fcategories&post=11244"},{"taxonomy":"post_tag","embeddable":true,"href":"https:\/\/pasaenmendoza.com\/index.php?rest_route=%2Fwp%2Fv2%2Ftags&post=11244"}],"curies":[{"name":"wp","href":"https:\/\/api.w.org\/{rel}","templated":true}]}}