{"id":11250,"date":"2025-01-27T22:37:59","date_gmt":"2025-01-27T21:37:59","guid":{"rendered":"https:\/\/pasaenmendoza.com\/?p=11250"},"modified":"2025-01-27T22:38:00","modified_gmt":"2025-01-27T21:38:00","slug":"por-primera-vez-la-paritaria-por-los-sueldos-vitivinicolas-cerro-sin-aumento","status":"publish","type":"post","link":"https:\/\/pasaenmendoza.com\/?p=11250","title":{"rendered":"Por primera vez, la paritaria por los sueldos vitivin\u00edcolas cerr\u00f3 sin aumento"},"content":{"rendered":"\n<p>Aunque las bodegas no lo admitan, para la contraparte sindical lo es: por primera vez en muchos a\u00f1os, la\u00a0<strong>paritaria<\/strong>\u00a0por los sueldos del\u00a0<strong>sector vitivin\u00edcola<\/strong>\u00a0cerr\u00f3 sin un aumento a ra\u00edz de la inflaci\u00f3n de fines del 2024.<\/p>\n\n\n\n<p>La falta de una propuesta por noviembre y diciembre &#8220;rompi\u00f3&#8221; la&nbsp;<strong>negociaci\u00f3n&nbsp;<\/strong>iniciada entre las c\u00e1maras que nuclean a bodegas y productores por un lado, y Foeva (Federaci\u00f3n de Obreros y Empleados Vitivin\u00edcolas de Argentina).<\/p>\n\n\n\n<p>Incluso la oferta inicial, en vez de mejorarse, se achic\u00f3: la patronal hab\u00eda propuesto un 2,5% y 2,7% s\u00f3lo por enero y febrero, respectivamente, que en los \u00faltimos d\u00edas se redujo a 2% cada mes s\u00f3lo para los&nbsp;<strong>trabajadores de bodega<\/strong>.<\/p>\n\n\n\n<p>&#8220;M\u00e1s all\u00e1 del porcentaje, no hay forma de aceptarlo. Adem\u00e1s de seguir lo que quiere el Gobierno, los empresarios son vivos: si la&nbsp;<strong>bodega<\/strong>&nbsp;para, no pueden producir. Por eso cerramos as\u00ed&#8221;, enfatiz\u00f3 Juan Carlos Aguirre, secretario gremial de Foeva.<\/p>\n\n\n\n<p>La\u00a0negociaci\u00f3n del\u00a0<strong>sector vitivin\u00edcola<\/strong>\u00a0ya ven\u00eda tensa desde diciembre\u00a0y termin\u00f3 de detonar. Por eso, de cara a la pr\u00f3xima vendimia la situaci\u00f3n qued\u00f3 al rojo vivo.<\/p>\n\n\n\n<p>De hecho, el gremio ya prepara un&nbsp;<strong>plan de lucha<\/strong>&nbsp;si es que en la paritaria 2025 (comenzar\u00eda a mediados de febrero) no hay avances concretos.<\/p>\n\n\n\n<h2 class=\"wp-block-heading\">La postura de las bodegas frente a los sueldos<\/h2>\n\n\n\n<p>Lo cierto es que los sueldos de trabajadores de vi\u00f1a y de bodega se actualizaron por \u00faltima vez en octubre. Desde entonces, el b\u00e1sico de un&nbsp;<strong>operario<\/strong>&nbsp;ronda los $623.000 y no supera $560.000 para un&nbsp;<strong>cosechador<\/strong>.<\/p>\n\n\n\n<p>El<strong>&nbsp;precio pagado por la uva<\/strong>&nbsp;en 2024, la&nbsp;<strong>ca\u00edda del consumo<\/strong>&nbsp;de vino y la&nbsp;<strong>inflaci\u00f3n<\/strong>&nbsp;en costos es la tr\u00edada de motivos esgrimidos para justificar, primero, la falta de un ajuste por noviembre y diciembre que ya estaba previsto en el acta.<\/p>\n\n\n\n<p>Mismos argumentos para defender la otra decisi\u00f3n pol\u00e9mica que provoc\u00f3 la fractura de la&nbsp;<strong>paritaria<\/strong>: una oferta inicial que fue diluy\u00e9ndose y, para peor, termin\u00f3 siendo casi discriminatoria entre bodega y vi\u00f1a.<\/p>\n\n\n\n<p><strong>Walter Pav\u00f3n<\/strong>, representante de Bodegas de Argentina, admiti\u00f3 que &#8220;la paritaria concluy\u00f3 en una instancia de&nbsp;<strong>&#8220;no acuerdo&#8221;<\/strong>, con lo cual el prop\u00f3sito del sector empresario es reconsiderar propuestas para el&nbsp;<strong>convenio 2025<\/strong>&#8220;.<\/p>\n\n\n\n<p>M\u00e1s all\u00e1 de remarcar la imposibilidad de tocar los salarios del \u00faltimo bimestre del a\u00f1o pasado, para Pav\u00f3n &#8220;hay que tener en cuenta que durante 2024 se reconoci\u00f3 un&nbsp;<strong>aumento&nbsp;<\/strong>acumulado cercano al 110%, con lo cual superamos a la inflaci\u00f3n&#8221;.<\/p>\n\n\n\n<h2 class=\"wp-block-heading\">Tacho de uva, punto de partida para el 2025<\/h2>\n\n\n\n<p>Mientras se debaten los argumentos y se afina el l\u00e1piz para calcular cu\u00e1l va a ser el pedido de aumento inicial, desde Foeva lo tienen claro: el planteo arrancar\u00e1 a la inversa que otras paritarias, es decir, con el&nbsp;<strong>precio del tacho de uva<\/strong>.<\/p>\n\n\n\n<p>&#8220;El a\u00f1o pasado se firm\u00f3 casi dos meses despu\u00e9s de empezada la&nbsp;<strong>cosecha<\/strong>. Ahora queremos dejarlo acordado en lo posible antes de la&nbsp;<strong>Vendima<\/strong>, para despu\u00e9s seguir con los sueldos&#8221;, adelant\u00f3 Aguirre, de Foeva<\/p>\n\n\n\n<p>En esas condiciones todo hace prever un inicio duro. Es que para la cosecha 2024 el&nbsp;<strong>tacho&nbsp;<\/strong>se pag\u00f3 a $300, un valor que el gremio quiere, al menos desde la pretensi\u00f3n inicial, lleva a $800.<\/p>\n\n\n\n<p>Por el lado de los&nbsp;<strong>sueldos<\/strong>, consideran l\u00f3gico no apartarse de la inflaci\u00f3n proyectada para este a\u00f1o, que oscila entre el 45% y el 60%.<\/p>\n\n\n\n<p>La fecha de inicio de la nueva\u00a0<strong>paritaria\u00a0<\/strong>depender\u00e1 de la Secretar\u00eda de Trabajo de la Naci\u00f3n. Pero todo apunta a que el pedido de reapertura no vaya m\u00e1s all\u00e1 de mediados de febrero.<\/p>\n\n\n\n<p><strong>Fuente: www.diariouno.com.ar<\/strong><\/p>\n","protected":false},"excerpt":{"rendered":"<p>Aunque las bodegas no lo admitan, para la contraparte sindical lo es: por primera vez en muchos a\u00f1os, la\u00a0paritaria\u00a0por los sueldos del\u00a0sector vitivin\u00edcola\u00a0cerr\u00f3 sin un aumento a ra\u00edz de la inflaci\u00f3n de fines del 2024. La falta de una propuesta por noviembre y diciembre &#8220;rompi\u00f3&#8221; la&nbsp;negociaci\u00f3n&nbsp;iniciada entre las c\u00e1maras que nuclean a bodegas y productores [&hellip;]<\/p>\n","protected":false},"author":2,"featured_media":11251,"comment_status":"open","ping_status":"open","sticky":false,"template":"","format":"standard","meta":[],"categories":[55],"tags":[],"_links":{"self":[{"href":"https:\/\/pasaenmendoza.com\/index.php?rest_route=\/wp\/v2\/posts\/11250"}],"collection":[{"href":"https:\/\/pasaenmendoza.com\/index.php?rest_route=\/wp\/v2\/posts"}],"about":[{"href":"https:\/\/pasaenmendoza.com\/index.php?rest_route=\/wp\/v2\/types\/post"}],"author":[{"embeddable":true,"href":"https:\/\/pasaenmendoza.com\/index.php?rest_route=\/wp\/v2\/users\/2"}],"replies":[{"embeddable":true,"href":"https:\/\/pasaenmendoza.com\/index.php?rest_route=%2Fwp%2Fv2%2Fcomments&post=11250"}],"version-history":[{"count":1,"href":"https:\/\/pasaenmendoza.com\/index.php?rest_route=\/wp\/v2\/posts\/11250\/revisions"}],"predecessor-version":[{"id":11252,"href":"https:\/\/pasaenmendoza.com\/index.php?rest_route=\/wp\/v2\/posts\/11250\/revisions\/11252"}],"wp:featuredmedia":[{"embeddable":true,"href":"https:\/\/pasaenmendoza.com\/index.php?rest_route=\/wp\/v2\/media\/11251"}],"wp:attachment":[{"href":"https:\/\/pasaenmendoza.com\/index.php?rest_route=%2Fwp%2Fv2%2Fmedia&parent=11250"}],"wp:term":[{"taxonomy":"category","embeddable":true,"href":"https:\/\/pasaenmendoza.com\/index.php?rest_route=%2Fwp%2Fv2%2Fcategories&post=11250"},{"taxonomy":"post_tag","embeddable":true,"href":"https:\/\/pasaenmendoza.com\/index.php?rest_route=%2Fwp%2Fv2%2Ftags&post=11250"}],"curies":[{"name":"wp","href":"https:\/\/api.w.org\/{rel}","templated":true}]}}